{"id":13456,"global_id":"courtmetrange.eu\/en?id=13456","global_id_lineage":["courtmetrange.eu\/en?id=13456"],"author":"8","status":"publish","date":"2025-04-02 17:26:11","date_utc":"2025-04-02 15:26:11","modified":"2025-04-07 22:47:14","modified_utc":"2025-04-07 20:47:14","url":"https:\/\/courtmetrange.eu\/en\/agenda\/13456\/","rest_url":"https:\/\/courtmetrange.eu\/en\/wp-json\/tribe\/events\/v1\/events\/13456","title":"S\u00e9ance : Vall\u00e9e de l&rsquo;\u00e9trange suivie d&rsquo;une rencontre","description":"<h2 class=\"program-detail-title\">S\u00e9ance : Vall\u00e9e de l&rsquo;\u00e9trange suivie d&rsquo;une rencontre<\/h2>\n<div><span class=\"program-group-meta\">\ud83d\udcc5 Mercredi 23 avril \u2013 21h00\ud83d\udccd Cin\u00e9ma Arvor (Salle 5)<\/span><span class=\"program-group-meta length\">\u00a0105\u00a0min<\/span><\/div>\n<p class=\"program-detail-description\">Elle est au milieu d&rsquo;un champ, dans les bois, dans le m\u00e9tro ou m\u00eame dans votre propre chambre; la Vall\u00e9e de l&rsquo;\u00e9trange est un lieu immat\u00e9riel, un lieu que l&rsquo;on ne cherche pas. Quand on y entre, une sensation gla\u00e7ante se glisse derri\u00e8re vous, crie l&rsquo;angoisse dans vos oreilles et plante l&rsquo;horreur dans vos yeux. Cette vall\u00e9e est une salle sombre de cin\u00e9ma. Oserez vous y d\u00e9celer les pires secrets ?<\/p>\n<p><i>D\u00e8s 15 ans<\/i><\/p>\n<p><i>S\u00e9ance en partenariat avec le Festival Court M\u00e9trange<\/i><\/p>\n<p>Suivie d&rsquo;un \u00e9change avec :<br \/>\n<b>Vicent Bretagne, Jean Courtois, Alex Wehbeh<\/b>, r\u00e9alisateurs de\u00a0<i>L&rsquo;Araign\u00e9e du fond de la cour<\/i><br \/>\n<b>Lise Chancel, Joseph Cr\u00e9hange<\/b>, r\u00e9alisateur\u00b7rices de\u00a0<i>Amniotic dream<\/i><br \/>\n<b>Shera Courtalhac, In\u00e8s Molinier<\/b>, r\u00e9alisatrices de\u00a0<i>Underground invaders<\/i><br \/>\n<b>Swann Valenza<\/b>, r\u00e9alisateur de\u00a0<i>Candice<\/i><\/p>","excerpt":"<p>S\u00e9ance : Vall\u00e9e de l&rsquo;\u00e9trange suivie d&rsquo;une rencontre<br \/>\n\ud83d\udcc5 Mercredi 23 avril \u2013 21h00\ud83d\udccd Cin\u00e9ma Arvor (Salle 5)\u00a0105\u00a0min<\/p>\n<p>Elle est au milieu d&rsquo;un champ, dans les bois, dans le m\u00e9tro ou m\u00eame dans votre propre chambre; la Vall\u00e9e de l&rsquo;\u00e9trange est un lieu immat\u00e9riel, un lieu que l&rsquo;on ne cherche pas. Quand on y entre, une sensation gla\u00e7ante se glisse derri\u00e8re vous, crie l&rsquo;angoisse dans vos oreilles et plante l&rsquo;horreur dans vos yeux. Cette vall\u00e9e est une salle sombre de cin\u00e9ma. Oserez vous y d\u00e9celer les pires secrets ?<\/p>","slug":"13456","image":{"url":"https:\/\/courtmetrange.eu\/wp-content\/uploads\/2025\/04\/Insta-clermont-cmt-1080-x-1350-px-1.jpg","id":13458,"extension":"jpg","width":1080,"height":1350,"filesize":720731,"sizes":{"medium":{"width":240,"height":300,"mime-type":"image\/jpeg","filesize":16202,"url":"https:\/\/courtmetrange.eu\/wp-content\/uploads\/2025\/04\/Insta-clermont-cmt-1080-x-1350-px-1-240x300.jpg"},"large":{"width":819,"height":1024,"mime-type":"image\/jpeg","filesize":111007,"url":"https:\/\/courtmetrange.eu\/wp-content\/uploads\/2025\/04\/Insta-clermont-cmt-1080-x-1350-px-1-819x1024.jpg"},"thumbnail":{"width":150,"height":150,"mime-type":"image\/jpeg","filesize":7267,"url":"https:\/\/courtmetrange.eu\/wp-content\/uploads\/2025\/04\/Insta-clermont-cmt-1080-x-1350-px-1-150x150.jpg"},"medium_large":{"width":768,"height":960,"mime-type":"image\/jpeg","filesize":100616,"url":"https:\/\/courtmetrange.eu\/wp-content\/uploads\/2025\/04\/Insta-clermont-cmt-1080-x-1350-px-1-768x960.jpg"},"trp-custom-language-flag":{"width":10,"height":12,"mime-type":"image\/jpeg","filesize":789,"url":"https:\/\/courtmetrange.eu\/wp-content\/uploads\/2025\/04\/Insta-clermont-cmt-1080-x-1350-px-1-10x12.jpg"},"et-pb-post-main-image":{"width":400,"height":250,"mime-type":"image\/jpeg","filesize":22586,"url":"https:\/\/courtmetrange.eu\/wp-content\/uploads\/2025\/04\/Insta-clermont-cmt-1080-x-1350-px-1-400x250.jpg"},"et-pb-post-main-image-fullwidth":{"width":1080,"height":675,"mime-type":"image\/jpeg","filesize":112362,"url":"https:\/\/courtmetrange.eu\/wp-content\/uploads\/2025\/04\/Insta-clermont-cmt-1080-x-1350-px-1-1080x675.jpg"},"et-pb-portfolio-image":{"width":400,"height":284,"mime-type":"image\/jpeg","filesize":25480,"url":"https:\/\/courtmetrange.eu\/wp-content\/uploads\/2025\/04\/Insta-clermont-cmt-1080-x-1350-px-1-400x284.jpg"},"et-pb-portfolio-module-image":{"width":510,"height":382,"mime-type":"image\/jpeg","filesize":39952,"url":"https:\/\/courtmetrange.eu\/wp-content\/uploads\/2025\/04\/Insta-clermont-cmt-1080-x-1350-px-1-510x382.jpg"},"et-pb-gallery-module-image-portrait":{"width":400,"height":516,"mime-type":"image\/jpeg","filesize":37855,"url":"https:\/\/courtmetrange.eu\/wp-content\/uploads\/2025\/04\/Insta-clermont-cmt-1080-x-1350-px-1-400x516.jpg"},"et-pb-image--responsive--tablet":{"width":980,"height":1225,"mime-type":"image\/jpeg","filesize":145186,"url":"https:\/\/courtmetrange.eu\/wp-content\/uploads\/2025\/04\/Insta-clermont-cmt-1080-x-1350-px-1-980x1225.jpg"},"et-pb-image--responsive--phone":{"width":480,"height":600,"mime-type":"image\/jpeg","filesize":48846,"url":"https:\/\/courtmetrange.eu\/wp-content\/uploads\/2025\/04\/Insta-clermont-cmt-1080-x-1350-px-1-480x600.jpg"},"woocommerce_thumbnail":{"width":300,"height":300,"mime-type":"image\/jpeg","filesize":21822,"uncropped":false,"url":"https:\/\/courtmetrange.eu\/wp-content\/uploads\/2025\/04\/Insta-clermont-cmt-1080-x-1350-px-1-300x300.jpg"},"woocommerce_single":{"width":600,"height":750,"mime-type":"image\/jpeg","filesize":69300,"url":"https:\/\/courtmetrange.eu\/wp-content\/uploads\/2025\/04\/Insta-clermont-cmt-1080-x-1350-px-1-600x750.jpg"},"woocommerce_gallery_thumbnail":{"width":100,"height":100,"mime-type":"image\/jpeg","filesize":4085,"url":"https:\/\/courtmetrange.eu\/wp-content\/uploads\/2025\/04\/Insta-clermont-cmt-1080-x-1350-px-1-100x100.jpg"}}},"all_day":false,"start_date":"2025-04-23 21:00:00","start_date_details":{"year":"2025","month":"04","day":"23","hour":"21","minutes":"00","seconds":"00"},"end_date":"2025-04-23 23:00:00","end_date_details":{"year":"2025","month":"04","day":"23","hour":"23","minutes":"00","seconds":"00"},"utc_start_date":"2025-04-23 19:00:00","utc_start_date_details":{"year":"2025","month":"04","day":"23","hour":"19","minutes":"00","seconds":"00"},"utc_end_date":"2025-04-23 21:00:00","utc_end_date_details":{"year":"2025","month":"04","day":"23","hour":"21","minutes":"00","seconds":"00"},"timezone":"Europe\/Paris","timezone_abbr":"CEST","cost":"","cost_details":{"currency_symbol":"\u20ac","currency_code":"EUR","currency_position":"prefix","values":[]},"website":"https:\/\/festival-film-animation.fr\/programme-2\/#\/fr\/date\/all\/all\/seance-speciale\/vallee-de-l-etrange\/all\/all\/all\/all","show_map":true,"show_map_link":false,"hide_from_listings":false,"sticky":false,"featured":false,"categories":[],"tags":[],"venue":{"id":461,"author":"1","status":"publish","date":"2021-01-29 11:55:39","date_utc":"2021-01-29 10:55:39","modified":"2021-07-25 19:56:51","modified_utc":"2021-07-25 18:56:51","url":"https:\/\/courtmetrange.eu\/en\/venue\/cinema-arvor\/","venue":"Cin\u00e9ma Arvor","description":"<p>[et_pb_section fb_built=\u00a0\u00bb1&Prime; _builder_version=\u00a0\u00bb4.9.4&Prime; _module_preset=\u00a0\u00bbdefault\u00a0\u00bb background_color=\u00a0\u00bbRGBA(0,0,0,0)\u00a0\u00bb][et_pb_row _builder_version=\u00a0\u00bb4.6.3&Prime; _module_preset=\u00a0\u00bbdefault\u00a0\u00bb custom_margin=\u00a0\u00bb0px||0px||false|false\u00a0\u00bb custom_padding=\u00a0\u00bb0px||0px||false|false\u00a0\u00bb][et_pb_column type=\u00a0\u00bb4_4&Prime; _builder_version=\u00a0\u00bb4.6.3&Prime; _module_preset=\u00a0\u00bbdefault\u00a0\u00bb][et_pb_slider use_text_overlay=\u00a0\u00bboff\u00a0\u00bb arrows_custom_color=\u00a0\u00bb#ffffff\u00a0\u00bb dot_nav_custom_color=\u00a0\u00bb#000000&Prime; module_id=\u00a0\u00bbhome-slider-custom-cm\u00a0\u00bb _builder_version=\u00a0\u00bb4.9.4&Prime; _module_preset=\u00a0\u00bbdefault\u00a0\u00bb background_color=\u00a0\u00bbrgba(0,0,0,0)\u00a0\u00bb custom_button=\u00a0\u00bbon\u00a0\u00bb button_border_width=\u00a0\u00bb1px\u00a0\u00bb button_border_radius=\u00a0\u00bb0px\u00a0\u00bb button_alignment=\u00a0\u00bbleft\u00a0\u00bb custom_margin=\u00a0\u00bb||||false|false\u00a0\u00bb custom_padding=\u00a0\u00bb||||false|false\u00a0\u00bb hover_transition_duration=\u00a0\u00bb350ms\u00a0\u00bb hover_transition_delay=\u00a0\u00bb100ms\u00a0\u00bb][et_pb_slide heading=\u00a0\u00bbM\u00e9trange Nomade\u00a0\u00bb _builder_version=\u00a0\u00bb4.9.4&Prime; _dynamic_attributes=\u00a0\u00bblink_option_url\u00a0\u00bb _module_preset=\u00a0\u00bbdefault\u00a0\u00bb background_image=\u00a0\u00bbhttps:\/\/courtmetrange.eu\/wp-content\/uploads\/2021\/06\/Solaris-min.png\u00a0\u00bb background_enable_image=\u00a0\u00bbon\u00a0\u00bb background_size=\u00a0\u00bbcontain\u00a0\u00bb link_option_url=\u00a0\u00bb@ET-DC@eyJkeW5hbWljIjp0cnVlLCJjb250ZW50IjoicG9zdF9saW5rX3VybF9wYWdlIiwic2V0dGluZ3MiOnsicG9zdF9pZCI6Ijk3In19@\u00a0\u00bb sticky_transition=\u00a0\u00bbon\u00a0\u00bb]<\/p>\n<p>Cycle sur le cin\u00e9ma d&rsquo;anticipation<br \/>au Cin\u00e9-TNB<br \/>Jeudi 1er juillet \u00e0 20h.<\/p>\n<h2>Solaris, Andrei Tarkowski<\/h2>\n<p>[\/et_pb_slide][et_pb_slide heading=\u00a0\u00bbFestival Court M\u00e9trange\u00a0\u00bb _builder_version=\u00a0\u00bb4.9.4&Prime; _dynamic_attributes=\u00a0\u00bblink_option_url\u00a0\u00bb _module_preset=\u00a0\u00bbdefault\u00a0\u00bb background_enable_color=\u00a0\u00bboff\u00a0\u00bb background_image=\u00a0\u00bbhttps:\/\/courtmetrange.eu\/wp-content\/uploads\/2021\/05\/FESTOCH_Slider_Home_Top-min.png\u00a0\u00bb background_enable_image=\u00a0\u00bbon\u00a0\u00bb background_size=\u00a0\u00bbcontain\u00a0\u00bb link_option_url=\u00a0\u00bb@ET-DC@eyJkeW5hbWljIjp0cnVlLCJjb250ZW50IjoicG9zdF9saW5rX3VybF9wYWdlIiwic2V0dGluZ3MiOnsicG9zdF9pZCI6Ijk1MiJ9fQ==@\u00a0\u00bb sticky_transition=\u00a0\u00bbon\u00a0\u00bb]<\/p>\n<p>Les pr\u00e9paratifs sont en cours&#8230;.<\/p>\n<p> Rendez-vous en septembre\/octobre 2021<\/p>\n<p>[\/et_pb_slide][et_pb_slide heading=\u00a0\u00bbM\u00e9trange Nomade\u00a0\u00bb _builder_version=\u00a0\u00bb4.9.4&Prime; _dynamic_attributes=\u00a0\u00bblink_option_url\u00a0\u00bb _module_preset=\u00a0\u00bbdefault\u00a0\u00bb background_image=\u00a0\u00bbhttps:\/\/courtmetrange.eu\/wp-content\/uploads\/2021\/05\/TNB_Slider_Home_Top-min.png\u00a0\u00bb background_enable_image=\u00a0\u00bbon\u00a0\u00bb background_size=\u00a0\u00bbcontain\u00a0\u00bb link_option_url=\u00a0\u00bb@ET-DC@eyJkeW5hbWljIjp0cnVlLCJjb250ZW50IjoicG9zdF9saW5rX3VybF9wYWdlIiwic2V0dGluZ3MiOnsicG9zdF9pZCI6Ijk3In19@\u00a0\u00bb sticky_transition=\u00a0\u00bbon\u00a0\u00bb]<\/p>\n<p>Cycle sur le cin\u00e9ma d&rsquo;anticipation<br \/>au Cin\u00e9-TNB<br \/>Du 3 juin au 2 septembre<\/p>\n<p>[\/et_pb_slide][et_pb_slide heading=\u00a0\u00bbwww.shadowz.fr\u00a0\u00bb use_text_overlay=\u00a0\u00bboff\u00a0\u00bb _builder_version=\u00a0\u00bb4.9.4&Prime; _module_preset=\u00a0\u00bbdefault\u00a0\u00bb background_image=\u00a0\u00bbhttps:\/\/courtmetrange.eu\/wp-content\/uploads\/2021\/02\/Slide5.png\u00a0\u00bb background_enable_image=\u00a0\u00bbon\u00a0\u00bb background_size=\u00a0\u00bbcontain\u00a0\u00bb sticky_transition=\u00a0\u00bbon\u00a0\u00bb]<\/p>\n<p>Court M\u00e9trange sur la toile !<\/p>\n<p>[\/et_pb_slide][et_pb_slide heading=\u00a0\u00bbM\u00e9trange Nomade\u00a0\u00bb _builder_version=\u00a0\u00bb4.9.4&Prime; _dynamic_attributes=\u00a0\u00bblink_option_url\u00a0\u00bb _module_preset=\u00a0\u00bbdefault\u00a0\u00bb header_font=\u00a0\u00bbPT Sans Narrow||||||||\u00a0\u00bb body_font=\u00a0\u00bbHelvetica Neue Medium||||||||\u00a0\u00bb background_image=\u00a0\u00bbhttps:\/\/courtmetrange.eu\/wp-content\/uploads\/2021\/06\/Nomade-min.png\u00a0\u00bb background_enable_image=\u00a0\u00bbon\u00a0\u00bb background_size=\u00a0\u00bbcontain\u00a0\u00bb link_option_url=\u00a0\u00bb@ET-DC@eyJkeW5hbWljIjp0cnVlLCJjb250ZW50IjoicG9zdF9saW5rX3VybF9wYWdlIiwic2V0dGluZ3MiOnsicG9zdF9pZCI6Ijk5In19@\u00a0\u00bb sticky_transition=\u00a0\u00bbon\u00a0\u00bb]S\u00e9ances Court M\u00e9trange<br \/>\n24 et 25 juin \u00e0 18h30 &#8211; Gratuit<br \/>\n<em>Cartoon d&rsquo;invitation <\/em><em>&amp; Politiquement fantastique<\/em><\/p>\n<h3>P\u00f4le associatif de la Marbaudais<\/h3>\n<h3>32 rue de la Marbaudais &#8211; 35700 Rennes<\/h3>\n<h3><\/h3>\n<p>[\/et_pb_slide][et_pb_slide heading=\u00a0\u00bbLa s\u00e9lection 2021 est ouverte jusqu&rsquo;au 15 mai\u00a0\u00bb _builder_version=\u00a0\u00bb4.9.4&Prime; _module_preset=\u00a0\u00bbdefault\u00a0\u00bb background_image=\u00a0\u00bbhttps:\/\/courtmetrange.eu\/wp-content\/uploads\/2021\/05\/Visuel_Slider_Home_Top_Selection-min-1024&#215;350-1.png\u00a0\u00bb background_enable_image=\u00a0\u00bbon\u00a0\u00bb background_size=\u00a0\u00bbcontain\u00a0\u00bb link_option_url=\u00a0\u00bbhttps:\/\/www.filmfestplatform.com\/#\/home\u00a0\u00bb sticky_transition=\u00a0\u00bbon\u00a0\u00bb]<\/p>\n<p>www.filmfestplatfom.com<\/p>\n<p>[\/et_pb_slide][\/et_pb_slider][\/et_pb_column][\/et_pb_row][et_pb_row column_structure=\u00a0\u00bb1_2,1_2&Prime; _builder_version=\u00a0\u00bb4.6.3&Prime; _module_preset=\u00a0\u00bbdefault\u00a0\u00bb custom_margin=\u00a0\u00bb||30px||false|false\u00a0\u00bb custom_padding=\u00a0\u00bb0px||0px||false|false\u00a0\u00bb hover_transition_duration=\u00a0\u00bb350ms\u00a0\u00bb hover_transition_delay=\u00a0\u00bb50ms\u00a0\u00bb hover_transition_speed_curve=\u00a0\u00bbease-in-out\u00a0\u00bb][et_pb_column type=\u00a0\u00bb1_2&Prime; _builder_version=\u00a0\u00bb4.6.3&Prime; _module_preset=\u00a0\u00bbdefault\u00a0\u00bb][et_pb_image src=\u00a0\u00bbhttps:\/\/courtmetrange.eu\/wp-content\/uploads\/2021\/05\/Affiche-40-60-WEB-DEFjpg2.jpg\u00a0\u00bb title_text=\u00a0\u00bbAffiche-40 60-WEB-DEFjpg2&Prime; align=\u00a0\u00bbcenter\u00a0\u00bb _builder_version=\u00a0\u00bb4.9.4&Prime; _module_preset=\u00a0\u00bbdefault\u00a0\u00bb max_width=\u00a0\u00bb70%\u00a0\u00bb module_alignment=\u00a0\u00bbcenter\u00a0\u00bb][\/et_pb_image][\/et_pb_column][et_pb_column type=\u00a0\u00bb1_2&Prime; _builder_version=\u00a0\u00bb4.6.3&Prime; _module_preset=\u00a0\u00bbdefault\u00a0\u00bb][et_pb_text _builder_version=\u00a0\u00bb4.9.4&Prime; _module_preset=\u00a0\u00bbdefault\u00a0\u00bb text_font=\u00a0\u00bbClinica-Black||||||||\u00a0\u00bb text_font_size=\u00a0\u00bb28px\u00a0\u00bb custom_margin=\u00a0\u00bb70px||||false|false\u00a0\u00bb custom_margin_tablet=\u00a0\u00bb\u00a0\u00bb custom_margin_phone=\u00a0\u00bb10px||||false|false\u00a0\u00bb custom_margin_last_edited=\u00a0\u00bbon|phone\u00a0\u00bb]<\/p>\n<h2 style=\"text-align: center;\">La 17\u00e8me \u00e9dition du festival<br \/>Court M\u00e9trange<\/h2>\n<h4 style=\"text-align: center;\">\u00c0 Rennes du 22 septembre au 3 octobre<\/h4>\n<h4 style=\"text-align: center;\">En ligne du 28 septembre au 10 octobre<\/h4>\n<p>[\/et_pb_text][et_pb_text _builder_version=\u00a0\u00bb4.9.4&Prime; _module_preset=\u00a0\u00bbdefault\u00a0\u00bb text_font=\u00a0\u00bbHelvetica Neue Medium||||||||\u00a0\u00bb]<\/p>\n<p>Rappeler combien cette ann\u00e9e et demie aura \u00e9t\u00e9 \u00e9prouvante rel\u00e8ve de l\u2019axiome \u2014 voire d\u2019un luxe superf\u00e9tatoire qui fait grincer les molaires. On ne s\u2019\u00e9tendra pas sur les innombrables complications que le festival a rencontr\u00e9es. Mais n\u2019allez pas imaginer qu\u2019il va faillir \u00e0 la mission que lui a confi\u00e9e la d\u00e9esse Fantastique. Les signes de sa vitalit\u00e9 indestructible ne trompent pas alors gardez l\u2019\u0153il am\u00e9ricain\u00a0:<\/p>\n<p><strong>Court M\u00e9trange aura lieu<\/strong>\u00a0<strong>!<\/strong><\/p>\n<p>La 17<sup>e<\/sup> \u00e9dition vous attend, emplie de promesses et port\u00e9e par le souffle d\u2019une libert\u00e9 recouvr\u00e9e. La couronne garnie de picots qui coiffe le virus est sur le point de tomber. Mort \u00e0 lui !<\/p>\n<p><strong>Longue vie \u00e0 Court M\u00e9trange et \u00e0 ses spectateur\u00b7trice\u00b7s\u00a0!<\/strong><\/p>\n<p>[\/et_pb_text][\/et_pb_column][\/et_pb_row][\/et_pb_section][et_pb_section fb_built=\u00a0\u00bb1&Prime; _builder_version=\u00a0\u00bb4.9.4&Prime; _module_preset=\u00a0\u00bbdefault\u00a0\u00bb background_color=\u00a0\u00bbrgba(0,0,0,0)\u00a0\u00bb custom_margin=\u00a0\u00bb||||false|false\u00a0\u00bb][et_pb_row _builder_version=\u00a0\u00bb4.6.3&Prime; _module_preset=\u00a0\u00bbdefault\u00a0\u00bb custom_margin=\u00a0\u00bb0px||0px||false|false\u00a0\u00bb custom_padding=\u00a0\u00bb0px||0px||false|false\u00a0\u00bb][et_pb_column type=\u00a0\u00bb4_4&Prime; _builder_version=\u00a0\u00bb4.6.3&Prime; _module_preset=\u00a0\u00bbdefault\u00a0\u00bb][et_pb_text _builder_version=\u00a0\u00bb4.9.4&Prime; _module_preset=\u00a0\u00bbdefault\u00a0\u00bb text_font=\u00a0\u00bbClinica-Black||||||||\u00a0\u00bb text_font_size=\u00a0\u00bb28px\u00a0\u00bb custom_margin=\u00a0\u00bb||10px||false|false\u00a0\u00bb]<\/p>\n<h2 style=\"text-align: center;\">Les vid\u00e9os th\u00e9matiques 2021<\/h2>\n<p>[\/et_pb_text][\/et_pb_column][\/et_pb_row][et_pb_row column_structure=\u00a0\u00bb1_2,1_2&Prime; _builder_version=\u00a0\u00bb4.6.3&Prime; _module_preset=\u00a0\u00bbdefault\u00a0\u00bb][et_pb_column type=\u00a0\u00bb1_2&Prime; _builder_version=\u00a0\u00bb4.6.3&Prime; _module_preset=\u00a0\u00bbdefault\u00a0\u00bb][et_pb_video src=\u00a0\u00bbhttps:\/\/www.youtube.com\/watch?v=7-iSqr5O7w8&Prime; _builder_version=\u00a0\u00bb4.6.3&Prime; _module_preset=\u00a0\u00bbdefault\u00a0\u00bb][\/et_pb_video][\/et_pb_column][et_pb_column type=\u00a0\u00bb1_2&Prime; _builder_version=\u00a0\u00bb4.6.3&Prime; _module_preset=\u00a0\u00bbdefault\u00a0\u00bb][et_pb_video src=\u00a0\u00bbhttps:\/\/www.youtube.com\/watch?v=aaeHLT0zYjQ\u00a0\u00bb _builder_version=\u00a0\u00bb4.6.3&Prime; _module_preset=\u00a0\u00bbdefault\u00a0\u00bb][\/et_pb_video][\/et_pb_column][\/et_pb_row][et_pb_row _builder_version=\u00a0\u00bb4.6.3&Prime; _module_preset=\u00a0\u00bbdefault\u00a0\u00bb custom_margin=\u00a0\u00bb0px||0px||false|false\u00a0\u00bb custom_padding=\u00a0\u00bb0px||0px||false|false\u00a0\u00bb][et_pb_column type=\u00a0\u00bb4_4&Prime; _builder_version=\u00a0\u00bb4.6.3&Prime; _module_preset=\u00a0\u00bbdefault\u00a0\u00bb][et_pb_text _builder_version=\u00a0\u00bb4.9.4&Prime; _module_preset=\u00a0\u00bbdefault\u00a0\u00bb text_font=\u00a0\u00bbHelvetica Neue Medium||||||||\u00a0\u00bb custom_margin=\u00a0\u00bb||10px||false|false\u00a0\u00bb]<\/p>\n<p style=\"text-align: center;\">Merci aux \u00e9tudiants de l&rsquo;\u00e9cole Creative Seeds de Rennes pour leurs tr\u00e8s belles r\u00e9alisations. <\/p>\n<p>[\/et_pb_text][\/et_pb_column][\/et_pb_row][\/et_pb_section][et_pb_section fb_built=\u00a0\u00bb1&Prime; _builder_version=\u00a0\u00bb4.6.3&Prime; _module_preset=\u00a0\u00bbdefault\u00a0\u00bb background_color=\u00a0\u00bbrgba(0,0,0,0)\u00a0\u00bb custom_padding=\u00a0\u00bb0px||0px||false|false\u00a0\u00bb][et_pb_row column_structure=\u00a0\u00bb1_2,1_2&Prime; _builder_version=\u00a0\u00bb4.6.3&Prime; _module_preset=\u00a0\u00bbdefault\u00a0\u00bb custom_margin=\u00a0\u00bb||30px||false|false\u00a0\u00bb custom_padding=\u00a0\u00bb0px||0px||false|false\u00a0\u00bb hover_transition_duration=\u00a0\u00bb350ms\u00a0\u00bb hover_transition_delay=\u00a0\u00bb50ms\u00a0\u00bb hover_transition_speed_curve=\u00a0\u00bbease-in-out\u00a0\u00bb][et_pb_column type=\u00a0\u00bb1_2&Prime; _builder_version=\u00a0\u00bb4.6.3&Prime; _module_preset=\u00a0\u00bbdefault\u00a0\u00bb][et_pb_image src=\u00a0\u00bbhttps:\/\/courtmetrange.eu\/wp-content\/uploads\/2020\/11\/Affiche-Tres-Court-Metrange.jpg\u00a0\u00bb title_text=\u00a0\u00bb(Tr\u00e8s) Court M\u00e9trange\u00a0\u00bb align=\u00a0\u00bbcenter\u00a0\u00bb _builder_version=\u00a0\u00bb4.9.4&Prime; _module_preset=\u00a0\u00bbdefault\u00a0\u00bb max_width=\u00a0\u00bb70%\u00a0\u00bb module_alignment=\u00a0\u00bbcenter\u00a0\u00bb][\/et_pb_image][\/et_pb_column][et_pb_column type=\u00a0\u00bb1_2&Prime; _builder_version=\u00a0\u00bb4.6.3&Prime; _module_preset=\u00a0\u00bbdefault\u00a0\u00bb][et_pb_text _builder_version=\u00a0\u00bb4.9.4&Prime; _module_preset=\u00a0\u00bbdefault\u00a0\u00bb text_font=\u00a0\u00bbClinica-Black||||||||\u00a0\u00bb text_font_size=\u00a0\u00bb28px\u00a0\u00bb custom_margin=\u00a0\u00bb70px||||false|false\u00a0\u00bb]<\/p>\n<h2 style=\"text-align: center;\">(Tr\u00e8s) Court M\u00e9trange 2020<\/h2>\n<p>[\/et_pb_text][et_pb_text _builder_version=\u00a0\u00bb4.9.4&Prime; _module_preset=\u00a0\u00bbdefault\u00a0\u00bb text_font=\u00a0\u00bbHelvetica Neue Medium||||||||\u00a0\u00bb]<\/p>\n<p style=\"text-align: left;\">Alors que les grandes pand\u00e9mies font parties des \u00e9l\u00e9ments les plus choy\u00e9s du cin\u00e9ma de genre, des univers dystopiques et autres contextes post-apocalyptiques, Court M\u00e9trange, au m\u00eame titre qu\u2019un grand nombre d\u2019\u00e9v\u00e9nements culturels, a d\u00fb s\u2019adapter et se r\u00e9inventer.<\/p>\n<p>La comp\u00e9tition internationale 2020 a donc \u00e9t\u00e9 annul\u00e9e et report\u00e9e \u00e0 2021, au profit d\u2019une s\u00e9rie d\u2019\u00e9v\u00e9nements fantastiques regroup\u00e9s sous le nom de (Tr\u00e8s) Court M\u00e9trange.<br \/> Projections Best-of, rencontres, expositions et rendez-vous insolites se sont d\u00e9ploy\u00e9s du 30 septembre au 11 octobre 2020.<\/p>\n<p>[\/et_pb_text][et_pb_button button_url=\u00a0\u00bb@ET-DC@eyJkeW5hbWljIjp0cnVlLCJjb250ZW50IjoicG9zdF9saW5rX3VybF9wYWdlIiwic2V0dGluZ3MiOnsicG9zdF9pZCI6Ijk3In19@\u00a0\u00bb button_text=\u00a0\u00bbRetour sur (Tr\u00e8s) Court M\u00e9trange\u00a0\u00bb button_alignment=\u00a0\u00bbcenter\u00a0\u00bb button_alignment_tablet=\u00a0\u00bb\u00a0\u00bb button_alignment_phone=\u00a0\u00bbcenter\u00a0\u00bb button_alignment_last_edited=\u00a0\u00bbon|phone\u00a0\u00bb module_class=\u00a0\u00bbbtn-cm\u00a0\u00bb _builder_version=\u00a0\u00bb4.6.3&Prime; _dynamic_attributes=\u00a0\u00bbbutton_url\u00a0\u00bb _module_preset=\u00a0\u00bbdefault\u00a0\u00bb][\/et_pb_button][et_pb_button button_url=\u00a0\u00bbhttps:\/\/dev.jonathan-sanjose.fr\/wp-content\/uploads\/2021\/02\/PROGRAMME_TCM2020.pdf\u00a0\u00bb button_text=\u00a0\u00bbT\u00e9l\u00e9charger le programme complet\u00a0\u00bb button_alignment=\u00a0\u00bbcenter\u00a0\u00bb module_class=\u00a0\u00bbbtn-cm\u00a0\u00bb _builder_version=\u00a0\u00bb4.6.3&Prime; _module_preset=\u00a0\u00bbdefault\u00a0\u00bb][\/et_pb_button][\/et_pb_column][\/et_pb_row][\/et_pb_section][et_pb_section fb_built=\u00a0\u00bb1&Prime; _builder_version=\u00a0\u00bb4.9.4&Prime; _module_preset=\u00a0\u00bbdefault\u00a0\u00bb background_color=\u00a0\u00bbrgba(0,0,0,0)\u00a0\u00bb custom_margin=\u00a0\u00bb||||false|false\u00a0\u00bb custom_padding=\u00a0\u00bb30px||30px||true|false\u00a0\u00bb][et_pb_row column_structure=\u00a0\u00bb1_2,1_2&Prime; _builder_version=\u00a0\u00bb4.6.3&Prime; _module_preset=\u00a0\u00bbdefault\u00a0\u00bb custom_margin=\u00a0\u00bb30px||30px||false|false\u00a0\u00bb custom_padding=\u00a0\u00bb30px||30px||false|false\u00a0\u00bb][et_pb_column type=\u00a0\u00bb1_2&Prime; _builder_version=\u00a0\u00bb4.6.3&Prime; _module_preset=\u00a0\u00bbdefault\u00a0\u00bb][et_pb_text _builder_version=\u00a0\u00bb4.6.3&Prime; _module_preset=\u00a0\u00bbdefault\u00a0\u00bb text_text_color=\u00a0\u00bb#000000&Prime; header_text_color=\u00a0\u00bb#000000&Prime;]<\/p>\n<h2 style=\"text-align: center; color: #ffffff;\"><span style=\"color: #000000;\"><strong>Unis Vers 7 Arriv\u00e9<\/strong><\/span><\/h2>\n<p>[\/et_pb_text][et_pb_text _builder_version=\u00a0\u00bb4.9.4&Prime; _module_preset=\u00a0\u00bbdefault\u00a0\u00bb text_font=\u00a0\u00bbHelvetica Neue Medium||||||||\u00a0\u00bb text_text_color=\u00a0\u00bb#000000&Prime;]<\/p>\n<p>Unis Vers Sept Arriv\u00e9 est une association loi 1901 fond\u00e9e en 1998. Elle est n\u00e9e du d\u00e9sir de cr\u00e9er de nouvelles formes cin\u00e9matographiques et faire d\u00e9couvrir de nouveaux talents. En 2003, elle cr\u00e9e le festival Court M\u00e9trange. L\u2019association s\u2019affaire aujourd\u2019hui \u00e0 la diffusion et \u00e0 la promotion du cin\u00e9ma fantastique, \u00e9trange et insolite.<\/p>\n<p>[\/et_pb_text][et_pb_button button_url=\u00a0\u00bb@ET-DC@eyJkeW5hbWljIjp0cnVlLCJjb250ZW50IjoicG9zdF9saW5rX3VybF9wYWdlIiwic2V0dGluZ3MiOnsicG9zdF9pZCI6IjEwMSJ9fQ==@\u00a0\u00bb button_text=\u00a0\u00bbEn savoir plus\u00a0\u00bb button_alignment=\u00a0\u00bbcenter\u00a0\u00bb button_alignment_tablet=\u00a0\u00bb\u00a0\u00bb button_alignment_phone=\u00a0\u00bbcenter\u00a0\u00bb button_alignment_last_edited=\u00a0\u00bbon|phone\u00a0\u00bb module_class=\u00a0\u00bbbtn-cm\u00a0\u00bb _builder_version=\u00a0\u00bb4.6.3&Prime; _dynamic_attributes=\u00a0\u00bbbutton_url\u00a0\u00bb _module_preset=\u00a0\u00bbdefault\u00a0\u00bb animation_style=\u00a0\u00bbfold\u00a0\u00bb][\/et_pb_button][\/et_pb_column][et_pb_column type=\u00a0\u00bb1_2&Prime; _builder_version=\u00a0\u00bb4.6.3&Prime; _module_preset=\u00a0\u00bbdefault\u00a0\u00bb][et_pb_image src=\u00a0\u00bbhttps:\/\/courtmetrange.eu\/wp-content\/uploads\/2021\/01\/Logo-Unis-Vers-7-Arrives.png\u00a0\u00bb alt=\u00a0\u00bbVers 7 Arriv\u00e9\u00a0\u00bb title_text=\u00a0\u00bbLogo black Unis Vers 7 Arriv\u00e9\u00a0\u00bb _builder_version=\u00a0\u00bb4.9.4&Prime; _module_preset=\u00a0\u00bbdefault\u00a0\u00bb max_width=\u00a0\u00bb80%\u00a0\u00bb module_alignment=\u00a0\u00bbcenter\u00a0\u00bb][\/et_pb_image][\/et_pb_column][\/et_pb_row][\/et_pb_section][et_pb_section fb_built=\u00a0\u00bb1&Prime; _builder_version=\u00a0\u00bb4.9.4&Prime; _module_preset=\u00a0\u00bbdefault\u00a0\u00bb background_color=\u00a0\u00bbrgba(0,0,0,0)\u00a0\u00bb custom_padding=\u00a0\u00bb10px||10px||true|false\u00a0\u00bb][et_pb_row _builder_version=\u00a0\u00bb4.6.3&Prime; _module_preset=\u00a0\u00bbdefault\u00a0\u00bb][et_pb_column type=\u00a0\u00bb4_4&Prime; _builder_version=\u00a0\u00bb4.6.3&Prime; _module_preset=\u00a0\u00bbdefault\u00a0\u00bb][et_pb_gallery gallery_ids=\u00a0\u00bb470,471,472,473,474,475,476,477,478,479,486,485,484,483,482,481,480&Prime; fullwidth=\u00a0\u00bbon\u00a0\u00bb _builder_version=\u00a0\u00bb4.6.3&Prime; _module_preset=\u00a0\u00bbdefault\u00a0\u00bb pagination_text_color=\u00a0\u00bb#a93132&Prime; pagination_font_size=\u00a0\u00bb17px\u00a0\u00bb width=\u00a0\u00bb75%\u00a0\u00bb module_alignment=\u00a0\u00bbcenter\u00a0\u00bb][\/et_pb_gallery][\/et_pb_column][\/et_pb_row][\/et_pb_section][et_pb_section fb_built=\u00a0\u00bb1&Prime; _builder_version=\u00a0\u00bb4.6.3&Prime; _module_preset=\u00a0\u00bbdefault\u00a0\u00bb background_color=\u00a0\u00bbrgba(0,0,0,0)\u00a0\u00bb][et_pb_row column_structure=\u00a0\u00bb1_2,1_2&Prime; _builder_version=\u00a0\u00bb4.6.3&Prime; _module_preset=\u00a0\u00bbdefault\u00a0\u00bb][et_pb_column type=\u00a0\u00bb1_2&Prime; _builder_version=\u00a0\u00bb4.6.3&Prime; _module_preset=\u00a0\u00bbdefault\u00a0\u00bb][et_pb_image src=\u00a0\u00bbhttps:\/\/courtmetrange.eu\/wp-content\/uploads\/2020\/11\/Visuel_Affiche_CourtMetrange1.png\u00a0\u00bb alt=\u00a0\u00bbRejoignez l&rsquo;\u00e9quipe Court M\u00e9trange\u00a0\u00bb title_text=\u00a0\u00bbVisuel_Affiche_CourtMetrange1&Prime; align=\u00a0\u00bbcenter\u00a0\u00bb _builder_version=\u00a0\u00bb4.9.4&Prime; _module_preset=\u00a0\u00bbdefault\u00a0\u00bb][\/et_pb_image][\/et_pb_column][et_pb_column type=\u00a0\u00bb1_2&Prime; _builder_version=\u00a0\u00bb4.6.3&Prime; _module_preset=\u00a0\u00bbdefault\u00a0\u00bb][et_pb_text _builder_version=\u00a0\u00bb4.9.4&Prime; _module_preset=\u00a0\u00bbdefault\u00a0\u00bb text_font=\u00a0\u00bbClinica-Black||||||||\u00a0\u00bb text_font_size=\u00a0\u00bb28px\u00a0\u00bb text_orientation=\u00a0\u00bbcenter\u00a0\u00bb text_orientation_tablet=\u00a0\u00bb\u00a0\u00bb text_orientation_phone=\u00a0\u00bbcenter\u00a0\u00bb text_orientation_last_edited=\u00a0\u00bbon|phone\u00a0\u00bb]<\/p>\n<h2>Rejoignez-nous !<\/h2>\n<p>[\/et_pb_text][et_pb_text _builder_version=\u00a0\u00bb4.9.4&Prime; _module_preset=\u00a0\u00bbdefault\u00a0\u00bb text_font=\u00a0\u00bbHelvetica Neue Medium||||||||\u00a0\u00bb text_orientation_tablet=\u00a0\u00bb\u00a0\u00bb text_orientation_phone=\u00a0\u00bbcenter\u00a0\u00bb text_orientation_last_edited=\u00a0\u00bbon|phone\u00a0\u00bb]<\/p>\n<p style=\"text-align: center;\">Le Festival Court M\u00e9trange et son association Unis Vers 7 Arriv\u00e9 sont toujours \u00e0 la recherche de personnes motiv\u00e9es et d\u00e9sireuses de s\u2019investir dans la terrifiante aventure qu\u2019est Court M\u00e9trange et ainsi vendre leur \u00e2me au diable\u00a0! Que se soit sur le temps du Festival ou sur la mise en place de l\u2019\u00e9v\u00e9nement, votre sacrifice nous est n\u00e9cessaire\u2026<\/p>\n<p>[\/et_pb_text][et_pb_button button_url=\u00a0\u00bbhttps:\/\/dev.jonathan-sanjose.fr\/devenir-benevole-2\/\u00a0\u00bb button_text=\u00a0\u00bbEn savoir plus\u00a0\u00bb button_alignment=\u00a0\u00bbcenter\u00a0\u00bb button_alignment_tablet=\u00a0\u00bb\u00a0\u00bb button_alignment_phone=\u00a0\u00bbcenter\u00a0\u00bb button_alignment_last_edited=\u00a0\u00bbon|phone\u00a0\u00bb module_class=\u00a0\u00bbbtn-cm\u00a0\u00bb _builder_version=\u00a0\u00bb4.6.3&Prime; _module_preset=\u00a0\u00bbdefault\u00a0\u00bb custom_button=\u00a0\u00bbon\u00a0\u00bb button_text_size=\u00a0\u00bb16px\u00a0\u00bb button_text_color=\u00a0\u00bb#ffffff\u00a0\u00bb button_bg_color=\u00a0\u00bb#000000&Prime; button_border_width=\u00a0\u00bb0px\u00a0\u00bb button_border_color=\u00a0\u00bbrgba(0,0,0,0)\u00a0\u00bb button_border_radius=\u00a0\u00bb0px\u00a0\u00bb button_font=\u00a0\u00bbPT Sans Narrow||||||||\u00a0\u00bb button_use_icon=\u00a0\u00bboff\u00a0\u00bb custom_padding=\u00a0\u00bb0.85rem|2.5rem|0.85rem|2.5rem|true|true\u00a0\u00bb][\/et_pb_button][\/et_pb_column][\/et_pb_row][\/et_pb_section]<\/p>","slug":"cinema-arvor","address":"11 rue de Ch\u00e2tillon","city":"Rennes","country":"France","zip":"35000","website":"https:\/\/www.cinema-arvor.fr\/","json_ld":{"@type":"Place","name":"Cin\u00e9ma Arvor","description":"&lt;p&gt;Cycle sur le cin\u00e9ma d\\'anticipationau Cin\u00e9-TNBJeudi 1er juillet \u00e0 20h. Solaris, Andrei TarkowskiLes pr\u00e9paratifs sont en cours.... Rendez-vous en septembre\/octobre 2021Cycle sur le cin\u00e9ma d\\'anticipationau Cin\u00e9-TNBDu 3 juin au 2 [&hellip;]&lt;\/p&gt;\\n","url":"","address":{"@type":"PostalAddress","streetAddress":"11 rue de Ch\u00e2tillon","addressLocality":"Rennes","postalCode":"35000","addressCountry":"France"},"telephone":"","sameAs":"https:\/\/www.cinema-arvor.fr\/"},"show_map":true,"show_map_link":true,"global_id":"courtmetrange.eu\/en?id=461","global_id_lineage":["courtmetrange.eu\/en?id=461"]},"organizer":[],"custom_fields":[],"json_ld":{"@context":"http:\/\/schema.org","@type":"Event","name":"S\u00e9ance : Vall\u00e9e de l&rsquo;\u00e9trange suivie d&rsquo;une rencontre","description":"&lt;p&gt;S\u00e9ance : Vall\u00e9e de l\\'\u00e9trange suivie d\\'une rencontre&lt;br \/&gt;\\n\ud83d\udcc5 Mercredi 23 avril \u2013 21h00\ud83d\udccd Cin\u00e9ma Arvor (Salle 5)\u00a0105\u00a0min&lt;\/p&gt;\\n&lt;p&gt;Elle est au milieu d\\'un champ, dans les bois, dans le m\u00e9tro ou m\u00eame dans votre propre chambre; la Vall\u00e9e de l\\'\u00e9trange est un lieu immat\u00e9riel, un lieu que l\\'on ne cherche pas. Quand on y entre, une sensation gla\u00e7ante se glisse derri\u00e8re vous, crie l\\'angoisse dans vos oreilles et plante l\\'horreur dans vos yeux. Cette vall\u00e9e est une salle sombre de cin\u00e9ma. Oserez vous y d\u00e9celer les pires secrets ?&lt;\/p&gt;\\n","image":"https:\/\/courtmetrange.eu\/wp-content\/uploads\/2025\/04\/Insta-clermont-cmt-1080-x-1350-px-1.jpg","url":"https:\/\/courtmetrange.eu\/en\/agenda\/13456\/","eventAttendanceMode":"https:\/\/schema.org\/OfflineEventAttendanceMode","eventStatus":"https:\/\/schema.org\/EventScheduled","startDate":"2025-04-23T21:00:00+02:00","endDate":"2025-04-23T23:00:00+02:00","location":{"@type":"Place","name":"Cin\u00e9ma Arvor","description":"&lt;p&gt;Cycle sur le cin\u00e9ma d\\'anticipationau Cin\u00e9-TNBJeudi 1er juillet \u00e0 20h. Solaris, Andrei TarkowskiLes pr\u00e9paratifs sont en cours.... Rendez-vous en septembre\/octobre 2021Cycle sur le cin\u00e9ma d\\'anticipationau Cin\u00e9-TNBDu 3 juin au 2 [&hellip;]&lt;\/p&gt;\\n","url":"","address":{"@type":"PostalAddress","streetAddress":"11 rue de Ch\u00e2tillon","addressLocality":"Rennes","postalCode":"35000","addressCountry":"France"},"telephone":"","sameAs":"https:\/\/www.cinema-arvor.fr\/"},"performer":"Organization"}}