{"id":11443,"date":"2024-03-12T17:15:07","date_gmt":"2024-03-12T16:15:07","guid":{"rendered":"https:\/\/courtmetrange.eu\/?p=11443"},"modified":"2024-03-12T17:16:38","modified_gmt":"2024-03-12T16:16:38","slug":"une-soiree-science-fiction-a-pont-pean","status":"publish","type":"post","link":"https:\/\/courtmetrange.eu\/en\/une-soiree-science-fiction-a-pont-pean\/","title":{"rendered":"Une soir\u00e9e science-fiction \u00e0 Pont-P\u00e9an"},"content":{"rendered":"<p>[et_pb_section fb_built=\u00a0\u00bb1&Prime; theme_builder_area=\u00a0\u00bbpost_content\u00a0\u00bb _builder_version=\u00a0\u00bb4.24.2&Prime; _module_preset=\u00a0\u00bbdefault\u00a0\u00bb][et_pb_row _builder_version=\u00a0\u00bb4.24.2&Prime; _module_preset=\u00a0\u00bbdefault\u00a0\u00bb theme_builder_area=\u00a0\u00bbpost_content\u00a0\u00bb column_structure=\u00a0\u00bb1_2,1_2&Prime;][et_pb_column _builder_version=\u00a0\u00bb4.24.2&Prime; _module_preset=\u00a0\u00bbdefault\u00a0\u00bb type=\u00a0\u00bb1_2&Prime; theme_builder_area=\u00a0\u00bbpost_content\u00a0\u00bb][et_pb_text _builder_version=\u00a0\u00bb4.24.2&Prime; _module_preset=\u00a0\u00bbdefault\u00a0\u00bb theme_builder_area=\u00a0\u00bbpost_content\u00a0\u00bb hover_enabled=\u00a0\u00bb0&Prime; sticky_enabled=\u00a0\u00bb0&Prime;]<\/p>\n<p style=\"text-align: justify;\">Le 22 mars 2024, la m\u00e9diath\u00e8que de Pont-P\u00e9an part en exp\u00e9dition vers de nouveaux univers ! Cette soir\u00e9e, compos\u00e9e d\u2019une projection de courts-m\u00e9trages et d\u2019un atelier, s\u2019int\u00e8gre dans sa programmation du mois consacr\u00e9e \u00e0 la science-fiction.<\/p>\n<p style=\"text-align: justify;\">La s\u00e9ance \u00ab L\u2019espace d\u2019un instant \u00bb (20h) Court M\u00e9trange propose une projection de six courts-m\u00e9trages fantastiques sur le th\u00e8me des voyages interstellaires. Suite au visionnage, le public pourra voter pour son film pr\u00e9f\u00e9r\u00e9. Pour assister \u00e0 la s\u00e9ance, rendez-vous \u00e0 20 heures \u00e0 l\u2019espace Beausoleil.<\/p>\n<p style=\"text-align: justify;\">La m\u00e9diath\u00e8que soutient l\u2019importance de ce type de partenariats, permettant de \u00ab rendre itin\u00e9rantes des s\u00e9ances concoct\u00e9es pour le Festival afin de rendre sa programmation accessible \u00e0 tous les publics \u00bb.<\/p>\n<p style=\"text-align: justify;\">Le dispositif M\u00e9trange Nomade travaille tout au long de l\u2019ann\u00e9e \u00e0 d\u00e9velopper des \u00e9v\u00e9nements comme des projections, des rencontres, des conf\u00e9rences&#8230;<\/p>\n<p style=\"text-align: justify;\">L\u2019atelier fond vert de la Compagnie Artefakt (19h) Avant d\u2019embarquer dans d\u2019autres r\u00e9alit\u00e9s cin\u00e9matographiques, la m\u00e9diath\u00e8que accueillera un animateur de la Compagnie Artefakt. Cette association itin\u00e9rante d\u2019\u00e9ducation \u00e0 l\u2019image collabore avec Court M\u00e9trange depuis 2020, \u00e0 travers des actions communes autour du cin\u00e9ma de genre.<\/p>\n<p style=\"text-align: justify;\">L\u2019atelier du 22 mars est centr\u00e9 sur la d\u00e9couverte du fond vert et des effets sp\u00e9ciaux. \u00ab L\u2019id\u00e9e est de permettre d\u2019apprendre ces techniques de cin\u00e9ma \u00e0 des<br \/>publics qui n\u2019y ont pas forc\u00e9ment acc\u00e8s, comme par exemple en milieu rural \u00bb, indique David Haristoy, pr\u00e9sident de la Compagnie. Si vous souhaitez vous essayer \u00e0 l\u2019exercice, il est ouvert \u00e0 tous \u00e0 partir de 19 heures.<\/p>\n<p style=\"text-align: justify;\"><em>Plus d\u2019informations concernant l\u2019\u00e9v\u00e9nement et les r\u00e9servations sur le site de la m\u00e9diath\u00e8que: <a href=\"https:\/\/www.mediathequepontpean.fr\/\">https:\/\/www.mediathequepontpean.fr\/<\/a><\/em><\/p>\n<p style=\"text-align: justify;\">Lilou Richard<\/p>\n<p>[\/et_pb_text][\/et_pb_column][et_pb_column _builder_version=\u00a0\u00bb4.24.2&Prime; _module_preset=\u00a0\u00bbdefault\u00a0\u00bb type=\u00a0\u00bb1_2&Prime; theme_builder_area=\u00a0\u00bbpost_content\u00a0\u00bb][et_pb_image src=\u00a0\u00bbhttps:\/\/courtmetrange.eu\/wp-content\/uploads\/2024\/02\/Affiche-La-verite-est-ailleurs-scaled.jpg\u00a0\u00bb _builder_version=\u00a0\u00bb4.24.2&Prime; _module_preset=\u00a0\u00bbdefault\u00a0\u00bb theme_builder_area=\u00a0\u00bbpost_content\u00a0\u00bb title_text=\u00a0\u00bbAffiche La v\u00e9rit\u00e9 est ailleurs\u00a0\u00bb hover_enabled=\u00a0\u00bb0&Prime; sticky_enabled=\u00a0\u00bb0&Prime;][\/et_pb_image][\/et_pb_column][\/et_pb_row][\/et_pb_section]<\/p>","protected":false},"excerpt":{"rendered":"<p>Le 22 mars 2024, la m\u00e9diath\u00e8que de Pont-P\u00e9an part en exp\u00e9dition vers de nouveaux univers ! Cette soir\u00e9e, compos\u00e9e d\u2019une projection de courts-m\u00e9trages et d\u2019un atelier, s\u2019int\u00e8gre dans sa programmation [&hellip;]<\/p>","protected":false},"author":1,"featured_media":0,"comment_status":"closed","ping_status":"open","sticky":false,"template":"","format":"standard","meta":{"_acf_changed":false,"_et_pb_use_builder":"on","_et_pb_old_content":"","_et_gb_content_width":"","footnotes":""},"categories":[1],"tags":[],"class_list":["post-11443","post","type-post","status-publish","format-standard","hentry","category-uncategorized"],"acf":[],"yoast_head":"<!-- This site is optimized with the Yoast SEO plugin v24.5 - https:\/\/yoast.com\/wordpress\/plugins\/seo\/ -->\n<title>Une soir\u00e9e science-fiction \u00e0 Pont-P\u00e9an - Court M\u00e9trange<\/title>\n<meta name=\"robots\" content=\"index, follow, max-snippet:-1, max-image-preview:large, max-video-preview:-1\" \/>\n<link rel=\"canonical\" href=\"https:\/\/courtmetrange.eu\/en\/une-soiree-science-fiction-a-pont-pean\/\" \/>\n<meta property=\"og:locale\" content=\"en_GB\" \/>\n<meta property=\"og:type\" content=\"article\" \/>\n<meta property=\"og:title\" content=\"Une soir\u00e9e science-fiction \u00e0 Pont-P\u00e9an - Court M\u00e9trange\" \/>\n<meta property=\"og:description\" content=\"Le 22 mars 2024, la m\u00e9diath\u00e8que de Pont-P\u00e9an part en exp\u00e9dition vers de nouveaux univers ! Cette soir\u00e9e, compos\u00e9e d\u2019une projection de courts-m\u00e9trages et d\u2019un atelier, s\u2019int\u00e8gre dans sa programmation [&hellip;]\" \/>\n<meta property=\"og:url\" content=\"https:\/\/courtmetrange.eu\/en\/une-soiree-science-fiction-a-pont-pean\/\" \/>\n<meta property=\"og:site_name\" content=\"Court M\u00e9trange\" \/>\n<meta property=\"article:publisher\" content=\"https:\/\/www.facebook.com\/CourtMetrange\/\" \/>\n<meta property=\"article:published_time\" content=\"2024-03-12T16:15:07+00:00\" \/>\n<meta property=\"article:modified_time\" content=\"2024-03-12T16:16:38+00:00\" \/>\n<meta name=\"author\" content=\"San Jos\u00e9 Jonathan\" \/>\n<meta name=\"twitter:card\" content=\"summary_large_image\" \/>\n<meta name=\"twitter:creator\" content=\"@courtmetrange\" \/>\n<meta name=\"twitter:site\" content=\"@courtmetrange\" \/>\n<meta name=\"twitter:label1\" content=\"Written by\" \/>\n\t<meta name=\"twitter:data1\" content=\"San Jos\u00e9 Jonathan\" \/>\n\t<meta name=\"twitter:label2\" content=\"Estimated reading time\" \/>\n\t<meta name=\"twitter:data2\" content=\"2 minutes\" \/>\n<script type=\"application\/ld+json\" class=\"yoast-schema-graph\">{\"@context\":\"https:\/\/schema.org\",\"@graph\":[{\"@type\":\"Article\",\"@id\":\"https:\/\/courtmetrange.eu\/en\/une-soiree-science-fiction-a-pont-pean\/#article\",\"isPartOf\":{\"@id\":\"https:\/\/courtmetrange.eu\/en\/une-soiree-science-fiction-a-pont-pean\/\"},\"author\":{\"name\":\"San Jos\u00e9 Jonathan\",\"@id\":\"https:\/\/courtmetrange.eu\/en\/#\/schema\/person\/573a22511f083276fbf1957ca6eda961\"},\"headline\":\"Une soir\u00e9e science-fiction \u00e0 Pont-P\u00e9an\",\"datePublished\":\"2024-03-12T16:15:07+00:00\",\"dateModified\":\"2024-03-12T16:16:38+00:00\",\"mainEntityOfPage\":{\"@id\":\"https:\/\/courtmetrange.eu\/en\/une-soiree-science-fiction-a-pont-pean\/\"},\"wordCount\":435,\"publisher\":{\"@id\":\"https:\/\/courtmetrange.eu\/en\/#organization\"},\"articleSection\":[\"Uncategorized\"],\"inLanguage\":\"en-GB\"},{\"@type\":\"WebPage\",\"@id\":\"https:\/\/courtmetrange.eu\/en\/une-soiree-science-fiction-a-pont-pean\/\",\"url\":\"https:\/\/courtmetrange.eu\/en\/une-soiree-science-fiction-a-pont-pean\/\",\"name\":\"Une soir\u00e9e science-fiction \u00e0 Pont-P\u00e9an - Court M\u00e9trange\",\"isPartOf\":{\"@id\":\"https:\/\/courtmetrange.eu\/en\/#website\"},\"datePublished\":\"2024-03-12T16:15:07+00:00\",\"dateModified\":\"2024-03-12T16:16:38+00:00\",\"breadcrumb\":{\"@id\":\"https:\/\/courtmetrange.eu\/en\/une-soiree-science-fiction-a-pont-pean\/#breadcrumb\"},\"inLanguage\":\"en-GB\",\"potentialAction\":[{\"@type\":\"ReadAction\",\"target\":[\"https:\/\/courtmetrange.eu\/en\/une-soiree-science-fiction-a-pont-pean\/\"]}]},{\"@type\":\"BreadcrumbList\",\"@id\":\"https:\/\/courtmetrange.eu\/en\/une-soiree-science-fiction-a-pont-pean\/#breadcrumb\",\"itemListElement\":[{\"@type\":\"ListItem\",\"position\":1,\"name\":\"Accueil\",\"item\":\"https:\/\/courtmetrange.eu\/\"},{\"@type\":\"ListItem\",\"position\":2,\"name\":\"Une soir\u00e9e science-fiction \u00e0 Pont-P\u00e9an\"}]},{\"@type\":\"WebSite\",\"@id\":\"https:\/\/courtmetrange.eu\/en\/#website\",\"url\":\"https:\/\/courtmetrange.eu\/en\/\",\"name\":\"Court M\u00e9trange\",\"description\":\"Festival International du court m\u00e9trage insolite et fantastique de Rennes\",\"publisher\":{\"@id\":\"https:\/\/courtmetrange.eu\/en\/#organization\"},\"potentialAction\":[{\"@type\":\"SearchAction\",\"target\":{\"@type\":\"EntryPoint\",\"urlTemplate\":\"https:\/\/courtmetrange.eu\/en\/?s={search_term_string}\"},\"query-input\":{\"@type\":\"PropertyValueSpecification\",\"valueRequired\":true,\"valueName\":\"search_term_string\"}}],\"inLanguage\":\"en-GB\"},{\"@type\":\"Organization\",\"@id\":\"https:\/\/courtmetrange.eu\/en\/#organization\",\"name\":\"Court M\u00e9trange\",\"url\":\"https:\/\/courtmetrange.eu\/en\/\",\"logo\":{\"@type\":\"ImageObject\",\"inLanguage\":\"en-GB\",\"@id\":\"https:\/\/courtmetrange.eu\/en\/#\/schema\/logo\/image\/\",\"url\":\"https:\/\/courtmetrange.eu\/wp-content\/uploads\/2020\/11\/Logo_CourtMetrange.svg\",\"contentUrl\":\"https:\/\/courtmetrange.eu\/wp-content\/uploads\/2020\/11\/Logo_CourtMetrange.svg\",\"width\":251,\"height\":127,\"caption\":\"Court M\u00e9trange\"},\"image\":{\"@id\":\"https:\/\/courtmetrange.eu\/en\/#\/schema\/logo\/image\/\"},\"sameAs\":[\"https:\/\/www.facebook.com\/CourtMetrange\/\",\"https:\/\/x.com\/courtmetrange\",\"https:\/\/www.instagram.com\/courtmetrange.rennes\/\",\"https:\/\/www.youtube.com\/channel\/UCbS9jcW3uiDQeGgZAT29Emw\/videos\"]},{\"@type\":\"Person\",\"@id\":\"https:\/\/courtmetrange.eu\/en\/#\/schema\/person\/573a22511f083276fbf1957ca6eda961\",\"name\":\"San Jos\u00e9 Jonathan\",\"image\":{\"@type\":\"ImageObject\",\"inLanguage\":\"en-GB\",\"@id\":\"https:\/\/courtmetrange.eu\/en\/#\/schema\/person\/image\/\",\"url\":\"https:\/\/secure.gravatar.com\/avatar\/f7a32fb690597bc4f76e5fd89d50725f?s=96&d=mm&r=g\",\"contentUrl\":\"https:\/\/secure.gravatar.com\/avatar\/f7a32fb690597bc4f76e5fd89d50725f?s=96&d=mm&r=g\",\"caption\":\"San Jos\u00e9 Jonathan\"},\"sameAs\":[\"https:\/\/dev.jonathan-sanjose.fr\"],\"url\":\"https:\/\/courtmetrange.eu\/en\/author\/site-courtmetrangegmail-com\/\"}]}<\/script>\n<!-- \/ Yoast SEO plugin. -->","yoast_head_json":{"title":"Une soir\u00e9e science-fiction \u00e0 Pont-P\u00e9an - Court M\u00e9trange","robots":{"index":"index","follow":"follow","max-snippet":"max-snippet:-1","max-image-preview":"max-image-preview:large","max-video-preview":"max-video-preview:-1"},"canonical":"https:\/\/courtmetrange.eu\/en\/une-soiree-science-fiction-a-pont-pean\/","og_locale":"en_GB","og_type":"article","og_title":"Une soir\u00e9e science-fiction \u00e0 Pont-P\u00e9an - Court M\u00e9trange","og_description":"Le 22 mars 2024, la m\u00e9diath\u00e8que de Pont-P\u00e9an part en exp\u00e9dition vers de nouveaux univers ! Cette soir\u00e9e, compos\u00e9e d\u2019une projection de courts-m\u00e9trages et d\u2019un atelier, s\u2019int\u00e8gre dans sa programmation [&hellip;]","og_url":"https:\/\/courtmetrange.eu\/en\/une-soiree-science-fiction-a-pont-pean\/","og_site_name":"Court M\u00e9trange","article_publisher":"https:\/\/www.facebook.com\/CourtMetrange\/","article_published_time":"2024-03-12T16:15:07+00:00","article_modified_time":"2024-03-12T16:16:38+00:00","author":"San Jos\u00e9 Jonathan","twitter_card":"summary_large_image","twitter_creator":"@courtmetrange","twitter_site":"@courtmetrange","twitter_misc":{"Written by":"San Jos\u00e9 Jonathan","Estimated reading time":"2 minutes"},"schema":{"@context":"https:\/\/schema.org","@graph":[{"@type":"Article","@id":"https:\/\/courtmetrange.eu\/en\/une-soiree-science-fiction-a-pont-pean\/#article","isPartOf":{"@id":"https:\/\/courtmetrange.eu\/en\/une-soiree-science-fiction-a-pont-pean\/"},"author":{"name":"San Jos\u00e9 Jonathan","@id":"https:\/\/courtmetrange.eu\/en\/#\/schema\/person\/573a22511f083276fbf1957ca6eda961"},"headline":"Une soir\u00e9e science-fiction \u00e0 Pont-P\u00e9an","datePublished":"2024-03-12T16:15:07+00:00","dateModified":"2024-03-12T16:16:38+00:00","mainEntityOfPage":{"@id":"https:\/\/courtmetrange.eu\/en\/une-soiree-science-fiction-a-pont-pean\/"},"wordCount":435,"publisher":{"@id":"https:\/\/courtmetrange.eu\/en\/#organization"},"articleSection":["Uncategorized"],"inLanguage":"en-GB"},{"@type":"WebPage","@id":"https:\/\/courtmetrange.eu\/en\/une-soiree-science-fiction-a-pont-pean\/","url":"https:\/\/courtmetrange.eu\/en\/une-soiree-science-fiction-a-pont-pean\/","name":"Une soir\u00e9e science-fiction \u00e0 Pont-P\u00e9an - Court M\u00e9trange","isPartOf":{"@id":"https:\/\/courtmetrange.eu\/en\/#website"},"datePublished":"2024-03-12T16:15:07+00:00","dateModified":"2024-03-12T16:16:38+00:00","breadcrumb":{"@id":"https:\/\/courtmetrange.eu\/en\/une-soiree-science-fiction-a-pont-pean\/#breadcrumb"},"inLanguage":"en-GB","potentialAction":[{"@type":"ReadAction","target":["https:\/\/courtmetrange.eu\/en\/une-soiree-science-fiction-a-pont-pean\/"]}]},{"@type":"BreadcrumbList","@id":"https:\/\/courtmetrange.eu\/en\/une-soiree-science-fiction-a-pont-pean\/#breadcrumb","itemListElement":[{"@type":"ListItem","position":1,"name":"Accueil","item":"https:\/\/courtmetrange.eu\/"},{"@type":"ListItem","position":2,"name":"Une soir\u00e9e science-fiction \u00e0 Pont-P\u00e9an"}]},{"@type":"WebSite","@id":"https:\/\/courtmetrange.eu\/en\/#website","url":"https:\/\/courtmetrange.eu\/en\/","name":"Court M\u00e9trange","description":"Festival International du court m\u00e9trage insolite et fantastique de Rennes","publisher":{"@id":"https:\/\/courtmetrange.eu\/en\/#organization"},"potentialAction":[{"@type":"SearchAction","target":{"@type":"EntryPoint","urlTemplate":"https:\/\/courtmetrange.eu\/en\/?s={search_term_string}"},"query-input":{"@type":"PropertyValueSpecification","valueRequired":true,"valueName":"search_term_string"}}],"inLanguage":"en-GB"},{"@type":"Organization","@id":"https:\/\/courtmetrange.eu\/en\/#organization","name":"Court M\u00e9trange","url":"https:\/\/courtmetrange.eu\/en\/","logo":{"@type":"ImageObject","inLanguage":"en-GB","@id":"https:\/\/courtmetrange.eu\/en\/#\/schema\/logo\/image\/","url":"https:\/\/courtmetrange.eu\/wp-content\/uploads\/2020\/11\/Logo_CourtMetrange.svg","contentUrl":"https:\/\/courtmetrange.eu\/wp-content\/uploads\/2020\/11\/Logo_CourtMetrange.svg","width":251,"height":127,"caption":"Court M\u00e9trange"},"image":{"@id":"https:\/\/courtmetrange.eu\/en\/#\/schema\/logo\/image\/"},"sameAs":["https:\/\/www.facebook.com\/CourtMetrange\/","https:\/\/x.com\/courtmetrange","https:\/\/www.instagram.com\/courtmetrange.rennes\/","https:\/\/www.youtube.com\/channel\/UCbS9jcW3uiDQeGgZAT29Emw\/videos"]},{"@type":"Person","@id":"https:\/\/courtmetrange.eu\/en\/#\/schema\/person\/573a22511f083276fbf1957ca6eda961","name":"San Jos\u00e9 Jonathan","image":{"@type":"ImageObject","inLanguage":"en-GB","@id":"https:\/\/courtmetrange.eu\/en\/#\/schema\/person\/image\/","url":"https:\/\/secure.gravatar.com\/avatar\/f7a32fb690597bc4f76e5fd89d50725f?s=96&d=mm&r=g","contentUrl":"https:\/\/secure.gravatar.com\/avatar\/f7a32fb690597bc4f76e5fd89d50725f?s=96&d=mm&r=g","caption":"San Jos\u00e9 Jonathan"},"sameAs":["https:\/\/dev.jonathan-sanjose.fr"],"url":"https:\/\/courtmetrange.eu\/en\/author\/site-courtmetrangegmail-com\/"}]}},"_links":{"self":[{"href":"https:\/\/courtmetrange.eu\/en\/wp-json\/wp\/v2\/posts\/11443","targetHints":{"allow":["GET"]}}],"collection":[{"href":"https:\/\/courtmetrange.eu\/en\/wp-json\/wp\/v2\/posts"}],"about":[{"href":"https:\/\/courtmetrange.eu\/en\/wp-json\/wp\/v2\/types\/post"}],"author":[{"embeddable":true,"href":"https:\/\/courtmetrange.eu\/en\/wp-json\/wp\/v2\/users\/1"}],"replies":[{"embeddable":true,"href":"https:\/\/courtmetrange.eu\/en\/wp-json\/wp\/v2\/comments?post=11443"}],"version-history":[{"count":2,"href":"https:\/\/courtmetrange.eu\/en\/wp-json\/wp\/v2\/posts\/11443\/revisions"}],"predecessor-version":[{"id":11446,"href":"https:\/\/courtmetrange.eu\/en\/wp-json\/wp\/v2\/posts\/11443\/revisions\/11446"}],"wp:attachment":[{"href":"https:\/\/courtmetrange.eu\/en\/wp-json\/wp\/v2\/media?parent=11443"}],"wp:term":[{"taxonomy":"category","embeddable":true,"href":"https:\/\/courtmetrange.eu\/en\/wp-json\/wp\/v2\/categories?post=11443"},{"taxonomy":"post_tag","embeddable":true,"href":"https:\/\/courtmetrange.eu\/en\/wp-json\/wp\/v2\/tags?post=11443"}],"curies":[{"name":"wp","href":"https:\/\/api.w.org\/{rel}","templated":true}]}}