{"id":11723,"date":"2024-04-24T16:40:19","date_gmt":"2024-04-24T14:40:19","guid":{"rendered":"https:\/\/courtmetrange.eu\/?p=11723"},"modified":"2024-04-24T16:43:02","modified_gmt":"2024-04-24T14:43:02","slug":"11723-2","status":"publish","type":"post","link":"https:\/\/courtmetrange.eu\/en\/11723-2\/","title":{"rendered":"Un prix The Review au festival Scen\u2019art en Court"},"content":{"rendered":"<p>[et_pb_section fb_built=\u00a0\u00bb1&Prime; _builder_version=\u00a0\u00bb4.24.2&Prime; _module_preset=\u00a0\u00bbdefault\u00a0\u00bb global_colors_info=\u00a0\u00bb{}\u00a0\u00bb theme_builder_area=\u00a0\u00bbpost_content\u00a0\u00bb][et_pb_row column_structure=\u00a0\u00bb1_2,1_2&Prime; _builder_version=\u00a0\u00bb4.24.2&Prime; _module_preset=\u00a0\u00bbdefault\u00a0\u00bb global_colors_info=\u00a0\u00bb{}\u00a0\u00bb theme_builder_area=\u00a0\u00bbpost_content\u00a0\u00bb][et_pb_column type=\u00a0\u00bb1_2&Prime; _builder_version=\u00a0\u00bb4.24.2&Prime; _module_preset=\u00a0\u00bbdefault\u00a0\u00bb global_colors_info=\u00a0\u00bb{}\u00a0\u00bb theme_builder_area=\u00a0\u00bbpost_content\u00a0\u00bb][et_pb_text _builder_version=\u00a0\u00bb4.24.2&Prime; _module_preset=\u00a0\u00bbdefault\u00a0\u00bb global_colors_info=\u00a0\u00bb{}\u00a0\u00bb theme_builder_area=\u00a0\u00bbpost_content\u00a0\u00bb]<\/p>\n<p align=\"center\"><span style=\"font-family: Arial, sans-serif;\"><b>Un prix <i>The Review<\/i> au festival Scen\u2019art en Court<\/b><\/span><\/p>\n<p align=\"justify\">\n<p align=\"justify\"><span style=\"font-family: Arial, sans-serif;\"><b>Du 26 au 30 mars 2024 s\u2019est d\u00e9roul\u00e9e la 7<sup>e<\/sup> \u00e9dition du festival \u00e9tudiant de cin\u00e9ma <i>Sc<\/i><i>\u00e9<\/i><i>n\u2019art en Cour<\/i><span>t, <\/span><span>avec une nouveaut\u00e9\u00a0: la cr\u00e9ation d<\/span><span>u<\/span><span> <\/span><span>prix <\/span><i>The Review<\/i><span>, en partenariat avec <\/span><i>Court Metrange Festival<\/i><span>.<\/span><\/b><\/span><\/p>\n<p align=\"justify\">\n<p align=\"justify\"><span style=\"font-family: Arial, sans-serif;\"><span>No\u00e9lie Mauduit, pr\u00e9sidente de l\u2019association <\/span><i>Sc\u00e9n\u2019art<\/i><span> <\/span><span>\u00e0<\/span><i> <\/i><span>l\u2019Universit\u00e9 Rennes 2<\/span><span>, d\u00e9crit l<\/span><span>e festival<\/span><span> comme<\/span><i> <\/i><i>\u00ab\u00a0<\/i><i>un lieu de rassemblement autour du cin\u00e9ma \u00e9tudiant, qui permet de montrer divers projets avec des diffusions, des concours\u2026 <\/i><i>La semaine tourne surtout autour d\u2019un grand \u00e9v\u00e9nement, le concours national de courts m\u00e9trages \u00e9tudiants\u00a0\u00bb<\/i>. Outre ces projections, de nombreux ateliers et activit\u00e9s sont propos\u00e9s, \u00e0 l\u2019universit\u00e9 et dans des lieux partenaires. <\/span><\/p>\n<p align=\"justify\">\n<p align=\"justify\"><span style=\"font-family: Arial, sans-serif;\">Le prix <i>The Review<\/i><span> <\/span><span>a \u00e9t\u00e9 <\/span>mis en place par <span>Thomas Alexandre,<\/span> service civique \u00e0 <i>Court Metrange Festival<\/i>. La s\u00e9lection des courts-m\u00e9trages s\u2019est op\u00e9r\u00e9e par quatre membres de <i>Sc\u00e9n\u2019art<\/i>, selon leur dur\u00e9e et leur respect de la ligne artistique des deux festivals. La r\u00e9compense\u00a0? Voir son film projet\u00e9 au sein du concours <i>The Review<\/i> lors de la 20<sup>e<\/sup> \u00e9dition du festival <i>Court Metrange Festival<\/i>. Cette comp\u00e9tition sp\u00e9ciale vise \u00e0 mettre en valeur le cin\u00e9ma fantastique, \u00e9trange et insolite de jeunes cin\u00e9astes de 15 \u00e0 25 ans. <\/span><\/p>\n<p>[\/et_pb_text][\/et_pb_column][et_pb_column type=\u00a0\u00bb1_2&Prime; _builder_version=\u00a0\u00bb4.24.3&Prime; _module_preset=\u00a0\u00bbdefault\u00a0\u00bb global_colors_info=\u00a0\u00bb{}\u00a0\u00bb theme_builder_area=\u00a0\u00bbpost_content\u00a0\u00bb][et_pb_text _builder_version=\u00a0\u00bb4.24.2&Prime; _module_preset=\u00a0\u00bbdefault\u00a0\u00bb global_colors_info=\u00a0\u00bb{}\u00a0\u00bb theme_builder_area=\u00a0\u00bbpost_content\u00a0\u00bb]<\/p>\n<p align=\"justify\"><span style=\"font-family: Arial, sans-serif; font-size: 17.5px; text-align: left;\">C\u2019est la cin\u00e9aste et cr\u00e9atrice de contenu Cl\u00e9lia Chemin (@lala_cinema) qui a remport\u00e9 cette premi\u00e8re \u00e9dition pour son film <\/span><i style=\"font-family: Arial, sans-serif; font-size: 17.5px; text-align: left;\">Mauvaise Journ\u00e9e<\/i><span style=\"font-family: Arial, sans-serif; font-size: 17.5px; text-align: left;\">. En parall\u00e8le de ses \u00e9tudes de cin\u00e9ma, puis de son travail sur des plateaux de tournage, elle r\u00e9alise des courts-m\u00e9trages de genre depuis quelques ann\u00e9es<\/span><i style=\"font-family: Arial, sans-serif; font-size: 17.5px; text-align: left;\">.<\/i><\/p>\n<p align=\"justify\">\n<p align=\"justify\"><span style=\"font-family: Arial, sans-serif;\"><i>\u00ab\u00a0J\u2019avais d\u00e9j\u00e0 particip\u00e9 \u00e0 la comp\u00e9tition The Review de Court M\u00e9trange il y a 3 ans, avec mon court-m\u00e9trage In The Box, qui a gagn\u00e9 un prix. Naturellement, j\u2019ai retent\u00e9 ma chance cette ann\u00e9e\u00a0\u00bb<\/i><span>, <\/span><span>explique-t-elle. <\/span><i>\u00ab\u00a0Ce prix est important pour moi parce qu\u2019il me donne le sentiment d\u2019avoir de la reconnaissance par des gens qui connaissent le film de genre, contrairement \u00e0 d\u2019autres festivals qui rejettent mes films \u00e0 cause de ce crit\u00e8re\u00a0\u00bb. <\/i><\/span><\/p>\n<p align=\"justify\">\n<p align=\"justify\"><span style=\"font-family: Arial, sans-serif;\">Lilou Richard<\/span><\/p>\n<p>[\/et_pb_text][\/et_pb_column][\/et_pb_row][\/et_pb_section]<\/p>","protected":false},"excerpt":{"rendered":"<p>Un prix The Review au festival Scen\u2019art en Court Du 26 au 30 mars 2024 s\u2019est d\u00e9roul\u00e9e la 7e \u00e9dition du festival \u00e9tudiant de cin\u00e9ma Sc\u00e9n\u2019art en Court, avec une [&hellip;]<\/p>","protected":false},"author":8,"featured_media":0,"comment_status":"closed","ping_status":"open","sticky":false,"template":"","format":"standard","meta":{"_acf_changed":false,"_et_pb_use_builder":"on","_et_pb_old_content":"","_et_gb_content_width":"","footnotes":""},"categories":[1],"tags":[],"class_list":["post-11723","post","type-post","status-publish","format-standard","hentry","category-uncategorized"],"acf":[],"yoast_head":"<!-- This site is optimized with the Yoast SEO plugin v24.5 - https:\/\/yoast.com\/wordpress\/plugins\/seo\/ -->\n<title>Un prix The Review au festival Scen\u2019art en Court - Court M\u00e9trange<\/title>\n<meta name=\"robots\" content=\"index, follow, max-snippet:-1, max-image-preview:large, max-video-preview:-1\" \/>\n<link rel=\"canonical\" href=\"https:\/\/courtmetrange.eu\/en\/11723-2\/\" \/>\n<meta property=\"og:locale\" content=\"en_GB\" \/>\n<meta property=\"og:type\" content=\"article\" \/>\n<meta property=\"og:title\" content=\"Un prix The Review au festival Scen\u2019art en Court - Court M\u00e9trange\" \/>\n<meta property=\"og:description\" content=\"Un prix The Review au festival Scen\u2019art en Court Du 26 au 30 mars 2024 s\u2019est d\u00e9roul\u00e9e la 7e \u00e9dition du festival \u00e9tudiant de cin\u00e9ma Sc\u00e9n\u2019art en Court, avec une [&hellip;]\" \/>\n<meta property=\"og:url\" content=\"https:\/\/courtmetrange.eu\/en\/11723-2\/\" \/>\n<meta property=\"og:site_name\" content=\"Court M\u00e9trange\" \/>\n<meta property=\"article:publisher\" content=\"https:\/\/www.facebook.com\/CourtMetrange\/\" \/>\n<meta property=\"article:published_time\" content=\"2024-04-24T14:40:19+00:00\" \/>\n<meta property=\"article:modified_time\" content=\"2024-04-24T14:43:02+00:00\" \/>\n<meta name=\"author\" content=\"Benoit\" \/>\n<meta name=\"twitter:card\" content=\"summary_large_image\" \/>\n<meta name=\"twitter:creator\" content=\"@courtmetrange\" \/>\n<meta name=\"twitter:site\" content=\"@courtmetrange\" \/>\n<meta name=\"twitter:label1\" content=\"Written by\" \/>\n\t<meta name=\"twitter:data1\" content=\"Benoit\" \/>\n<script type=\"application\/ld+json\" class=\"yoast-schema-graph\">{\"@context\":\"https:\/\/schema.org\",\"@graph\":[{\"@type\":\"Article\",\"@id\":\"https:\/\/courtmetrange.eu\/11723-2\/#article\",\"isPartOf\":{\"@id\":\"https:\/\/courtmetrange.eu\/11723-2\/\"},\"author\":{\"name\":\"Benoit\",\"@id\":\"https:\/\/courtmetrange.eu\/en\/#\/schema\/person\/700b7df4194a42742af125c11221bc6c\"},\"headline\":\"Un prix The Review au festival Scen\u2019art en Court\",\"datePublished\":\"2024-04-24T14:40:19+00:00\",\"dateModified\":\"2024-04-24T14:43:02+00:00\",\"mainEntityOfPage\":{\"@id\":\"https:\/\/courtmetrange.eu\/11723-2\/\"},\"wordCount\":491,\"publisher\":{\"@id\":\"https:\/\/courtmetrange.eu\/en\/#organization\"},\"articleSection\":[\"Uncategorized\"],\"inLanguage\":\"en-GB\"},{\"@type\":\"WebPage\",\"@id\":\"https:\/\/courtmetrange.eu\/11723-2\/\",\"url\":\"https:\/\/courtmetrange.eu\/11723-2\/\",\"name\":\"Un prix The Review au festival Scen\u2019art en Court - Court M\u00e9trange\",\"isPartOf\":{\"@id\":\"https:\/\/courtmetrange.eu\/en\/#website\"},\"datePublished\":\"2024-04-24T14:40:19+00:00\",\"dateModified\":\"2024-04-24T14:43:02+00:00\",\"breadcrumb\":{\"@id\":\"https:\/\/courtmetrange.eu\/11723-2\/#breadcrumb\"},\"inLanguage\":\"en-GB\",\"potentialAction\":[{\"@type\":\"ReadAction\",\"target\":[\"https:\/\/courtmetrange.eu\/11723-2\/\"]}]},{\"@type\":\"BreadcrumbList\",\"@id\":\"https:\/\/courtmetrange.eu\/11723-2\/#breadcrumb\",\"itemListElement\":[{\"@type\":\"ListItem\",\"position\":1,\"name\":\"Accueil\",\"item\":\"https:\/\/courtmetrange.eu\/\"},{\"@type\":\"ListItem\",\"position\":2,\"name\":\"Un prix The Review au festival Scen\u2019art en Court\"}]},{\"@type\":\"WebSite\",\"@id\":\"https:\/\/courtmetrange.eu\/en\/#website\",\"url\":\"https:\/\/courtmetrange.eu\/en\/\",\"name\":\"Court M\u00e9trange\",\"description\":\"Festival International du court m\u00e9trage insolite et fantastique de Rennes\",\"publisher\":{\"@id\":\"https:\/\/courtmetrange.eu\/en\/#organization\"},\"potentialAction\":[{\"@type\":\"SearchAction\",\"target\":{\"@type\":\"EntryPoint\",\"urlTemplate\":\"https:\/\/courtmetrange.eu\/en\/?s={search_term_string}\"},\"query-input\":{\"@type\":\"PropertyValueSpecification\",\"valueRequired\":true,\"valueName\":\"search_term_string\"}}],\"inLanguage\":\"en-GB\"},{\"@type\":\"Organization\",\"@id\":\"https:\/\/courtmetrange.eu\/en\/#organization\",\"name\":\"Court M\u00e9trange\",\"url\":\"https:\/\/courtmetrange.eu\/en\/\",\"logo\":{\"@type\":\"ImageObject\",\"inLanguage\":\"en-GB\",\"@id\":\"https:\/\/courtmetrange.eu\/en\/#\/schema\/logo\/image\/\",\"url\":\"https:\/\/courtmetrange.eu\/wp-content\/uploads\/2020\/11\/Logo_CourtMetrange.svg\",\"contentUrl\":\"https:\/\/courtmetrange.eu\/wp-content\/uploads\/2020\/11\/Logo_CourtMetrange.svg\",\"width\":251,\"height\":127,\"caption\":\"Court M\u00e9trange\"},\"image\":{\"@id\":\"https:\/\/courtmetrange.eu\/en\/#\/schema\/logo\/image\/\"},\"sameAs\":[\"https:\/\/www.facebook.com\/CourtMetrange\/\",\"https:\/\/x.com\/courtmetrange\",\"https:\/\/www.instagram.com\/courtmetrange.rennes\/\",\"https:\/\/www.youtube.com\/channel\/UCbS9jcW3uiDQeGgZAT29Emw\/videos\"]},{\"@type\":\"Person\",\"@id\":\"https:\/\/courtmetrange.eu\/en\/#\/schema\/person\/700b7df4194a42742af125c11221bc6c\",\"name\":\"Benoit\",\"image\":{\"@type\":\"ImageObject\",\"inLanguage\":\"en-GB\",\"@id\":\"https:\/\/courtmetrange.eu\/en\/#\/schema\/person\/image\/\",\"url\":\"https:\/\/secure.gravatar.com\/avatar\/50e5797af846cea3d11c08f753c368dc?s=96&d=mm&r=g\",\"contentUrl\":\"https:\/\/secure.gravatar.com\/avatar\/50e5797af846cea3d11c08f753c368dc?s=96&d=mm&r=g\",\"caption\":\"Benoit\"},\"url\":\"https:\/\/courtmetrange.eu\/en\/author\/benoitcourtmetrange-eu\/\"}]}<\/script>\n<!-- \/ Yoast SEO plugin. -->","yoast_head_json":{"title":"Un prix The Review au festival Scen\u2019art en Court - Court M\u00e9trange","robots":{"index":"index","follow":"follow","max-snippet":"max-snippet:-1","max-image-preview":"max-image-preview:large","max-video-preview":"max-video-preview:-1"},"canonical":"https:\/\/courtmetrange.eu\/en\/11723-2\/","og_locale":"en_GB","og_type":"article","og_title":"Un prix The Review au festival Scen\u2019art en Court - Court M\u00e9trange","og_description":"Un prix The Review au festival Scen\u2019art en Court Du 26 au 30 mars 2024 s\u2019est d\u00e9roul\u00e9e la 7e \u00e9dition du festival \u00e9tudiant de cin\u00e9ma Sc\u00e9n\u2019art en Court, avec une [&hellip;]","og_url":"https:\/\/courtmetrange.eu\/en\/11723-2\/","og_site_name":"Court M\u00e9trange","article_publisher":"https:\/\/www.facebook.com\/CourtMetrange\/","article_published_time":"2024-04-24T14:40:19+00:00","article_modified_time":"2024-04-24T14:43:02+00:00","author":"Benoit","twitter_card":"summary_large_image","twitter_creator":"@courtmetrange","twitter_site":"@courtmetrange","twitter_misc":{"Written by":"Benoit"},"schema":{"@context":"https:\/\/schema.org","@graph":[{"@type":"Article","@id":"https:\/\/courtmetrange.eu\/11723-2\/#article","isPartOf":{"@id":"https:\/\/courtmetrange.eu\/11723-2\/"},"author":{"name":"Benoit","@id":"https:\/\/courtmetrange.eu\/en\/#\/schema\/person\/700b7df4194a42742af125c11221bc6c"},"headline":"Un prix The Review au festival Scen\u2019art en Court","datePublished":"2024-04-24T14:40:19+00:00","dateModified":"2024-04-24T14:43:02+00:00","mainEntityOfPage":{"@id":"https:\/\/courtmetrange.eu\/11723-2\/"},"wordCount":491,"publisher":{"@id":"https:\/\/courtmetrange.eu\/en\/#organization"},"articleSection":["Uncategorized"],"inLanguage":"en-GB"},{"@type":"WebPage","@id":"https:\/\/courtmetrange.eu\/11723-2\/","url":"https:\/\/courtmetrange.eu\/11723-2\/","name":"Un prix The Review au festival Scen\u2019art en Court - Court M\u00e9trange","isPartOf":{"@id":"https:\/\/courtmetrange.eu\/en\/#website"},"datePublished":"2024-04-24T14:40:19+00:00","dateModified":"2024-04-24T14:43:02+00:00","breadcrumb":{"@id":"https:\/\/courtmetrange.eu\/11723-2\/#breadcrumb"},"inLanguage":"en-GB","potentialAction":[{"@type":"ReadAction","target":["https:\/\/courtmetrange.eu\/11723-2\/"]}]},{"@type":"BreadcrumbList","@id":"https:\/\/courtmetrange.eu\/11723-2\/#breadcrumb","itemListElement":[{"@type":"ListItem","position":1,"name":"Accueil","item":"https:\/\/courtmetrange.eu\/"},{"@type":"ListItem","position":2,"name":"Un prix The Review au festival Scen\u2019art en Court"}]},{"@type":"WebSite","@id":"https:\/\/courtmetrange.eu\/en\/#website","url":"https:\/\/courtmetrange.eu\/en\/","name":"Court M\u00e9trange","description":"Festival International du court m\u00e9trage insolite et fantastique de Rennes","publisher":{"@id":"https:\/\/courtmetrange.eu\/en\/#organization"},"potentialAction":[{"@type":"SearchAction","target":{"@type":"EntryPoint","urlTemplate":"https:\/\/courtmetrange.eu\/en\/?s={search_term_string}"},"query-input":{"@type":"PropertyValueSpecification","valueRequired":true,"valueName":"search_term_string"}}],"inLanguage":"en-GB"},{"@type":"Organization","@id":"https:\/\/courtmetrange.eu\/en\/#organization","name":"Court M\u00e9trange","url":"https:\/\/courtmetrange.eu\/en\/","logo":{"@type":"ImageObject","inLanguage":"en-GB","@id":"https:\/\/courtmetrange.eu\/en\/#\/schema\/logo\/image\/","url":"https:\/\/courtmetrange.eu\/wp-content\/uploads\/2020\/11\/Logo_CourtMetrange.svg","contentUrl":"https:\/\/courtmetrange.eu\/wp-content\/uploads\/2020\/11\/Logo_CourtMetrange.svg","width":251,"height":127,"caption":"Court M\u00e9trange"},"image":{"@id":"https:\/\/courtmetrange.eu\/en\/#\/schema\/logo\/image\/"},"sameAs":["https:\/\/www.facebook.com\/CourtMetrange\/","https:\/\/x.com\/courtmetrange","https:\/\/www.instagram.com\/courtmetrange.rennes\/","https:\/\/www.youtube.com\/channel\/UCbS9jcW3uiDQeGgZAT29Emw\/videos"]},{"@type":"Person","@id":"https:\/\/courtmetrange.eu\/en\/#\/schema\/person\/700b7df4194a42742af125c11221bc6c","name":"Benoit","image":{"@type":"ImageObject","inLanguage":"en-GB","@id":"https:\/\/courtmetrange.eu\/en\/#\/schema\/person\/image\/","url":"https:\/\/secure.gravatar.com\/avatar\/50e5797af846cea3d11c08f753c368dc?s=96&d=mm&r=g","contentUrl":"https:\/\/secure.gravatar.com\/avatar\/50e5797af846cea3d11c08f753c368dc?s=96&d=mm&r=g","caption":"Benoit"},"url":"https:\/\/courtmetrange.eu\/en\/author\/benoitcourtmetrange-eu\/"}]}},"_links":{"self":[{"href":"https:\/\/courtmetrange.eu\/en\/wp-json\/wp\/v2\/posts\/11723","targetHints":{"allow":["GET"]}}],"collection":[{"href":"https:\/\/courtmetrange.eu\/en\/wp-json\/wp\/v2\/posts"}],"about":[{"href":"https:\/\/courtmetrange.eu\/en\/wp-json\/wp\/v2\/types\/post"}],"author":[{"embeddable":true,"href":"https:\/\/courtmetrange.eu\/en\/wp-json\/wp\/v2\/users\/8"}],"replies":[{"embeddable":true,"href":"https:\/\/courtmetrange.eu\/en\/wp-json\/wp\/v2\/comments?post=11723"}],"version-history":[{"count":4,"href":"https:\/\/courtmetrange.eu\/en\/wp-json\/wp\/v2\/posts\/11723\/revisions"}],"predecessor-version":[{"id":11729,"href":"https:\/\/courtmetrange.eu\/en\/wp-json\/wp\/v2\/posts\/11723\/revisions\/11729"}],"wp:attachment":[{"href":"https:\/\/courtmetrange.eu\/en\/wp-json\/wp\/v2\/media?parent=11723"}],"wp:term":[{"taxonomy":"category","embeddable":true,"href":"https:\/\/courtmetrange.eu\/en\/wp-json\/wp\/v2\/categories?post=11723"},{"taxonomy":"post_tag","embeddable":true,"href":"https:\/\/courtmetrange.eu\/en\/wp-json\/wp\/v2\/tags?post=11723"}],"curies":[{"name":"wp","href":"https:\/\/api.w.org\/{rel}","templated":true}]}}