{"id":11735,"date":"2024-04-24T16:56:09","date_gmt":"2024-04-24T14:56:09","guid":{"rendered":"https:\/\/courtmetrange.eu\/?p=11735"},"modified":"2024-04-24T16:56:10","modified_gmt":"2024-04-24T14:56:10","slug":"un-point-sur-la-place-des-femmes-dans-lindustrie-cinematographique","status":"publish","type":"post","link":"https:\/\/courtmetrange.eu\/en\/un-point-sur-la-place-des-femmes-dans-lindustrie-cinematographique\/","title":{"rendered":"Un point sur la place des femmes dans l\u2019industrie cin\u00e9matographique"},"content":{"rendered":"<p>[et_pb_section fb_built=\u00a0\u00bb1&Prime; _builder_version=\u00a0\u00bb4.24.2&Prime; _module_preset=\u00a0\u00bbdefault\u00a0\u00bb global_colors_info=\u00a0\u00bb{}\u00a0\u00bb theme_builder_area=\u00a0\u00bbet_body_layout\u00a0\u00bb][et_pb_row column_structure=\u00a0\u00bb1_2,1_2&Prime; _builder_version=\u00a0\u00bb4.24.2&Prime; _module_preset=\u00a0\u00bbdefault\u00a0\u00bb global_colors_info=\u00a0\u00bb{}\u00a0\u00bb theme_builder_area=\u00a0\u00bbet_body_layout\u00a0\u00bb][et_pb_column type=\u00a0\u00bb1_2&Prime; _builder_version=\u00a0\u00bb4.24.2&Prime; _module_preset=\u00a0\u00bbdefault\u00a0\u00bb global_colors_info=\u00a0\u00bb{}\u00a0\u00bb theme_builder_area=\u00a0\u00bbet_body_layout\u00a0\u00bb][et_pb_text _builder_version=\u00a0\u00bb4.24.3&Prime; _module_preset=\u00a0\u00bbdefault\u00a0\u00bb custom_padding=\u00a0\u00bb||0px|||\u00a0\u00bb hover_enabled=\u00a0\u00bb0&Prime; global_colors_info=\u00a0\u00bb{}\u00a0\u00bb theme_builder_area=\u00a0\u00bbet_body_layout\u00a0\u00bb sticky_enabled=\u00a0\u00bb0&Prime;]<\/p>\n<p style=\"text-align: justify;\"><strong><\/strong><\/p>\n<p style=\"text-align: justify;\"><span style=\"color: #000000;\"><span style=\"font-family: Arial, sans-serif;\"><b>\u00c0 <\/b><\/span><span style=\"font-family: Arial, sans-serif;\"><b>l\u2019occasion de la Journ\u00e9e internationale des droits des femmes, <\/b><\/span><span style=\"font-family: Arial, sans-serif;\"><b>le 8 mars 2024, Court M\u00e9trange <\/b><\/span><span style=\"font-family: Arial, sans-serif;\"><b>a invit\u00e9 trois professionnelles \u00e0 se pencher sur l<\/b><\/span><span style=\"font-family: Arial, sans-serif;\"><b>\u2019\u00e9galit\u00e9 des genres<\/b><\/span><span style=\"font-family: Arial, sans-serif;\"><b> dans l\u2019<\/b><\/span><span style=\"font-family: Arial, sans-serif;\"><b>actuelle <\/b><\/span><span style=\"font-family: Arial, sans-serif;\"><b>industrie <\/b><\/span><span style=\"font-family: Arial, sans-serif;\"><b>du cin\u00e9ma<\/b><\/span><span style=\"font-family: Arial, sans-serif;\"><b>, autour d\u2019une table ronde. <\/b><\/span><\/span><\/p>\n<p style=\"text-align: justify;\">\u00a0<\/p>\n<p style=\"text-align: justify;\"><span style=\"color: #000000;\"><span style=\"font-family: Arial, sans-serif;\">Cette discussion a r\u00e9uni trois femmes aux professions bien diff\u00e9rentes\u00a0: Jennifer Simon Doll\u00e9ans, directrice de l\u2019ESRA Bretagne, Lubna Beautemps, charg\u00e9e de l\u2019accompagnement des professionnels \u00e0 <i>Films en Bretagne<\/i><span>,<\/span> et Pearl Hort, cheffe op\u00e9ratrice et membre du collectif Femmes \u00e0 la cam\u00e9ra. En s\u2019appuyant sur des \u00e9tudes r\u00e9centes, ainsi que leurs exp\u00e9riences, elles ont ensemble \u00e9chang\u00e9 sur les avanc\u00e9es, mais aussi les progr\u00e8s qu\u2019il reste \u00e0 faire pour atteindre l\u2019\u00e9galit\u00e9.<\/span><\/span><\/p>\n<p style=\"text-align: justify;\">\u00a0<\/p>\n<p style=\"text-align: justify;\"><span style=\"color: #000000;\"><span style=\"font-family: Arial, sans-serif;\">Jennifer Simon Doll\u00e9ans a exprim\u00e9 son int\u00e9r\u00eat double d\u2019accueillir l\u2019\u00e9v\u00e9nement dans son \u00e9tablissement et d\u2019intervenir\u00a0: <span><span style=\"font-family: Arial, Helvetica, sans-serif;\"><span style=\"font-size: medium;\"><i>\u00ab\u00a0E<\/i><\/span><\/span><\/span><span><span style=\"font-family: Arial, Helvetica, sans-serif;\"><span style=\"font-size: medium;\"><i>n tant que directrice d\u2019\u00e9cole, il me semble n\u00e9cessaire, que nos \u00e9tudiants soient inform\u00e9s et qu\u2019ils puissent participe<\/i><\/span><\/span><\/span><span><span style=\"font-family: Arial, Helvetica, sans-serif;\"><span style=\"font-size: medium;\"><i>r\u00a0\u00bb.<\/i><\/span><\/span><\/span><\/span><\/span><\/p>\n<p>[\/et_pb_text][et_pb_image src=\u00a0\u00bbhttps:\/\/courtmetrange.eu\/wp-content\/uploads\/2024\/04\/IMG_6598-scaled.jpg\u00a0\u00bb title_text=\u00a0\u00bbIMG_6598&Prime; _builder_version=\u00a0\u00bb4.24.3&Prime; _module_preset=\u00a0\u00bbdefault\u00a0\u00bb hover_enabled=\u00a0\u00bb0&Prime; global_colors_info=\u00a0\u00bb{}\u00a0\u00bb theme_builder_area=\u00a0\u00bbet_body_layout\u00a0\u00bb sticky_enabled=\u00a0\u00bb0&Prime;][\/et_pb_image][\/et_pb_column][et_pb_column type=\u00a0\u00bb1_2&Prime; _builder_version=\u00a0\u00bb4.24.3&Prime; _module_preset=\u00a0\u00bbdefault\u00a0\u00bb global_colors_info=\u00a0\u00bb{}\u00a0\u00bb theme_builder_area=\u00a0\u00bbet_body_layout\u00a0\u00bb][et_pb_text _builder_version=\u00a0\u00bb4.24.3&Prime; _module_preset=\u00a0\u00bbdefault\u00a0\u00bb global_colors_info=\u00a0\u00bb{}\u00a0\u00bb theme_builder_area=\u00a0\u00bbet_body_layout\u00a0\u00bb]<\/p>\n<p style=\"text-align: justify;\">\n<p style=\"text-align: justify;\"><span style=\"color: #000000;\"><span style=\"font-family: Arial, sans-serif;\"><span><span style=\"font-family: Arial, Helvetica, sans-serif;\"><span style=\"font-size: medium;\">Apr\u00e8s une table ronde organis\u00e9e en novembre 2023 sur les violences faites aux femmes, Court M\u00e9trange a ax\u00e9 son sujet<\/span><\/span><\/span><span><span style=\"font-family: Arial, Helvetica, sans-serif;\"><span style=\"font-size: medium;\"> sur la question des m\u00e9tiers techniques, \u00e0 destination des futur.es professionnel.les. <\/span><\/span><\/span><span><span style=\"font-family: Arial, Helvetica, sans-serif;\"><span style=\"font-size: medium;\">Un sujet familier \u00e0 Lubna Beautemps,<\/span><\/span><\/span><span><span style=\"font-family: Arial, Helvetica, sans-serif;\"><span style=\"font-size: medium;\"> <\/span><\/span><\/span><span><span style=\"font-family: Arial, Helvetica, sans-serif;\"><span style=\"font-size: medium;\">de par son poste et son implication \u00e0 HF+ Bretagne<\/span><\/span><\/span><span><span style=\"font-family: Arial, Helvetica, sans-serif;\"><span style=\"font-size: medium;\">. <\/span><\/span><\/span><span><span style=\"font-family: Arial, Helvetica, sans-serif;\"><span style=\"font-size: medium;\"><i>\u00ab\u00a0<\/i><\/span><\/span><\/span><span><span style=\"font-family: Arial, Helvetica, sans-serif;\"><span style=\"font-size: medium;\"><i>Ce type d\u2019\u00e9v\u00e8nement est encore &#8211; malheureusement &#8211; n\u00e9cessaire pour sensibiliser les esprits et outiller les personnes.. Les questions de parit\u00e9 et de diversit\u00e9 sont des questions complexes, qui n\u00e9cessitent d\u2019acqu\u00e9rir des connaissances, de la r\u00e9flexion, de faire de la veille, et de travailler sans cesse sa position dans ces mouvements pour \u00eatre au plus juste. Ce type d\u2019\u00e9v\u00e8nement aide les personnes \u00e0 se situer, dans cette complexit\u00e9.\u00a0\u00bb<\/i><\/span><\/span><span style=\"font-family: Arial, Helvetica, sans-serif;\"><span style=\"font-size: medium;\">, <\/span><\/span><span style=\"font-family: Arial, Helvetica, sans-serif;\"><span style=\"font-size: medium;\">estime-t-elle.<\/span><\/span><\/span><\/span><\/span><\/p>\n<p style=\"text-align: justify;\"><span style=\"color: #000000;\"><span style=\"font-family: Arial, sans-serif;\"><span>L<\/span><\/span><span style=\"font-family: Arial, sans-serif;\"><span>es invit\u00e9es ressortent tr\u00e8s satisfaites de cette exp\u00e9rience, riche en d\u00e9bats et en \u00e9changes, <\/span><\/span><span style=\"font-family: Arial, sans-serif;\"><span>y compris<\/span><\/span><span style=\"font-family: Arial, sans-serif;\"><span> avec l<\/span><\/span><span style=\"font-family: Arial, sans-serif;\"><span>e public,<\/span><\/span><span style=\"font-family: Arial, sans-serif;\"><span> sur <\/span><\/span><span style=\"font-family: Arial, sans-serif;\"><span>c<\/span><\/span><span style=\"font-family: Arial, sans-serif;\"><span>es enjeux contemporains. La seule frustration exprim\u00e9e par Lubna Beautemps r\u00e9side dans le manque d\u2019attractivit\u00e9 de ces sujets d\u2019intervention, r\u00e9sultant en des salles moins remplies. Elle affirme que <\/span><\/span><span style=\"font-family: Arial, sans-serif;\"><i><span>\u00ab\u00a0<\/span><\/i><\/span><span><span style=\"font-family: Arial, sans-serif;\"><i>Les personnes n\u2019en font pas une priorit\u00e9 alors que ces questions font \u00e0 mon sens partie int\u00e9grante de nos m\u00e9tiers, de notre rapport \u00e0 la soci\u00e9t\u00e9 et demande un vrai investissement et travail intellectuel.\u00a0\u00bb.<\/i><\/span><\/span><\/span><\/p>\n<p>&nbsp;<\/p>\n<p style=\"text-align: justify;\">Lilou Richard<\/p>\n<p>[\/et_pb_text][\/et_pb_column][\/et_pb_row][\/et_pb_section]<\/p>","protected":false},"excerpt":{"rendered":"<p>\u00c0 l\u2019occasion de la Journ\u00e9e internationale des droits des femmes, le 8 mars 2024, Court M\u00e9trange a invit\u00e9 trois professionnelles \u00e0 se pencher sur l\u2019\u00e9galit\u00e9 des genres dans l\u2019actuelle industrie [&hellip;]<\/p>","protected":false},"author":8,"featured_media":0,"comment_status":"closed","ping_status":"open","sticky":false,"template":"","format":"standard","meta":{"_acf_changed":false,"_et_pb_use_builder":"on","_et_pb_old_content":"","_et_gb_content_width":"","footnotes":""},"categories":[1],"tags":[],"class_list":["post-11735","post","type-post","status-publish","format-standard","hentry","category-uncategorized"],"acf":[],"yoast_head":"<!-- This site is optimized with the Yoast SEO plugin v24.5 - https:\/\/yoast.com\/wordpress\/plugins\/seo\/ -->\n<title>Un point sur la place des femmes dans l\u2019industrie cin\u00e9matographique - Court M\u00e9trange<\/title>\n<meta name=\"robots\" content=\"index, follow, max-snippet:-1, max-image-preview:large, max-video-preview:-1\" \/>\n<link rel=\"canonical\" href=\"https:\/\/courtmetrange.eu\/en\/un-point-sur-la-place-des-femmes-dans-lindustrie-cinematographique\/\" \/>\n<meta property=\"og:locale\" content=\"en_GB\" \/>\n<meta property=\"og:type\" content=\"article\" \/>\n<meta property=\"og:title\" content=\"Un point sur la place des femmes dans l\u2019industrie cin\u00e9matographique - Court M\u00e9trange\" \/>\n<meta property=\"og:description\" content=\"\u00c0 l\u2019occasion de la Journ\u00e9e internationale des droits des femmes, le 8 mars 2024, Court M\u00e9trange a invit\u00e9 trois professionnelles \u00e0 se pencher sur l\u2019\u00e9galit\u00e9 des genres dans l\u2019actuelle industrie [&hellip;]\" \/>\n<meta property=\"og:url\" content=\"https:\/\/courtmetrange.eu\/en\/un-point-sur-la-place-des-femmes-dans-lindustrie-cinematographique\/\" \/>\n<meta property=\"og:site_name\" content=\"Court M\u00e9trange\" \/>\n<meta property=\"article:publisher\" content=\"https:\/\/www.facebook.com\/CourtMetrange\/\" \/>\n<meta property=\"article:published_time\" content=\"2024-04-24T14:56:09+00:00\" \/>\n<meta property=\"article:modified_time\" content=\"2024-04-24T14:56:10+00:00\" \/>\n<meta name=\"author\" content=\"Benoit\" \/>\n<meta name=\"twitter:card\" content=\"summary_large_image\" \/>\n<meta name=\"twitter:creator\" content=\"@courtmetrange\" \/>\n<meta name=\"twitter:site\" content=\"@courtmetrange\" \/>\n<meta name=\"twitter:label1\" content=\"Written by\" \/>\n\t<meta name=\"twitter:data1\" content=\"Benoit\" \/>\n<script type=\"application\/ld+json\" class=\"yoast-schema-graph\">{\"@context\":\"https:\/\/schema.org\",\"@graph\":[{\"@type\":\"Article\",\"@id\":\"https:\/\/courtmetrange.eu\/un-point-sur-la-place-des-femmes-dans-lindustrie-cinematographique\/#article\",\"isPartOf\":{\"@id\":\"https:\/\/courtmetrange.eu\/un-point-sur-la-place-des-femmes-dans-lindustrie-cinematographique\/\"},\"author\":{\"name\":\"Benoit\",\"@id\":\"https:\/\/courtmetrange.eu\/en\/#\/schema\/person\/700b7df4194a42742af125c11221bc6c\"},\"headline\":\"Un point sur la place des femmes dans l\u2019industrie cin\u00e9matographique\",\"datePublished\":\"2024-04-24T14:56:09+00:00\",\"dateModified\":\"2024-04-24T14:56:10+00:00\",\"mainEntityOfPage\":{\"@id\":\"https:\/\/courtmetrange.eu\/un-point-sur-la-place-des-femmes-dans-lindustrie-cinematographique\/\"},\"wordCount\":572,\"publisher\":{\"@id\":\"https:\/\/courtmetrange.eu\/en\/#organization\"},\"articleSection\":[\"Uncategorized\"],\"inLanguage\":\"en-GB\"},{\"@type\":\"WebPage\",\"@id\":\"https:\/\/courtmetrange.eu\/un-point-sur-la-place-des-femmes-dans-lindustrie-cinematographique\/\",\"url\":\"https:\/\/courtmetrange.eu\/un-point-sur-la-place-des-femmes-dans-lindustrie-cinematographique\/\",\"name\":\"Un point sur la place des femmes dans l\u2019industrie cin\u00e9matographique - Court M\u00e9trange\",\"isPartOf\":{\"@id\":\"https:\/\/courtmetrange.eu\/en\/#website\"},\"datePublished\":\"2024-04-24T14:56:09+00:00\",\"dateModified\":\"2024-04-24T14:56:10+00:00\",\"breadcrumb\":{\"@id\":\"https:\/\/courtmetrange.eu\/un-point-sur-la-place-des-femmes-dans-lindustrie-cinematographique\/#breadcrumb\"},\"inLanguage\":\"en-GB\",\"potentialAction\":[{\"@type\":\"ReadAction\",\"target\":[\"https:\/\/courtmetrange.eu\/un-point-sur-la-place-des-femmes-dans-lindustrie-cinematographique\/\"]}]},{\"@type\":\"BreadcrumbList\",\"@id\":\"https:\/\/courtmetrange.eu\/un-point-sur-la-place-des-femmes-dans-lindustrie-cinematographique\/#breadcrumb\",\"itemListElement\":[{\"@type\":\"ListItem\",\"position\":1,\"name\":\"Accueil\",\"item\":\"https:\/\/courtmetrange.eu\/\"},{\"@type\":\"ListItem\",\"position\":2,\"name\":\"Un point sur la place des femmes dans l\u2019industrie cin\u00e9matographique\"}]},{\"@type\":\"WebSite\",\"@id\":\"https:\/\/courtmetrange.eu\/en\/#website\",\"url\":\"https:\/\/courtmetrange.eu\/en\/\",\"name\":\"Court M\u00e9trange\",\"description\":\"Festival International du court m\u00e9trage insolite et fantastique de Rennes\",\"publisher\":{\"@id\":\"https:\/\/courtmetrange.eu\/en\/#organization\"},\"potentialAction\":[{\"@type\":\"SearchAction\",\"target\":{\"@type\":\"EntryPoint\",\"urlTemplate\":\"https:\/\/courtmetrange.eu\/en\/?s={search_term_string}\"},\"query-input\":{\"@type\":\"PropertyValueSpecification\",\"valueRequired\":true,\"valueName\":\"search_term_string\"}}],\"inLanguage\":\"en-GB\"},{\"@type\":\"Organization\",\"@id\":\"https:\/\/courtmetrange.eu\/en\/#organization\",\"name\":\"Court M\u00e9trange\",\"url\":\"https:\/\/courtmetrange.eu\/en\/\",\"logo\":{\"@type\":\"ImageObject\",\"inLanguage\":\"en-GB\",\"@id\":\"https:\/\/courtmetrange.eu\/en\/#\/schema\/logo\/image\/\",\"url\":\"https:\/\/courtmetrange.eu\/wp-content\/uploads\/2020\/11\/Logo_CourtMetrange.svg\",\"contentUrl\":\"https:\/\/courtmetrange.eu\/wp-content\/uploads\/2020\/11\/Logo_CourtMetrange.svg\",\"width\":251,\"height\":127,\"caption\":\"Court M\u00e9trange\"},\"image\":{\"@id\":\"https:\/\/courtmetrange.eu\/en\/#\/schema\/logo\/image\/\"},\"sameAs\":[\"https:\/\/www.facebook.com\/CourtMetrange\/\",\"https:\/\/x.com\/courtmetrange\",\"https:\/\/www.instagram.com\/courtmetrange.rennes\/\",\"https:\/\/www.youtube.com\/channel\/UCbS9jcW3uiDQeGgZAT29Emw\/videos\"]},{\"@type\":\"Person\",\"@id\":\"https:\/\/courtmetrange.eu\/en\/#\/schema\/person\/700b7df4194a42742af125c11221bc6c\",\"name\":\"Benoit\",\"image\":{\"@type\":\"ImageObject\",\"inLanguage\":\"en-GB\",\"@id\":\"https:\/\/courtmetrange.eu\/en\/#\/schema\/person\/image\/\",\"url\":\"https:\/\/secure.gravatar.com\/avatar\/50e5797af846cea3d11c08f753c368dc?s=96&d=mm&r=g\",\"contentUrl\":\"https:\/\/secure.gravatar.com\/avatar\/50e5797af846cea3d11c08f753c368dc?s=96&d=mm&r=g\",\"caption\":\"Benoit\"},\"url\":\"https:\/\/courtmetrange.eu\/en\/author\/benoitcourtmetrange-eu\/\"}]}<\/script>\n<!-- \/ Yoast SEO plugin. -->","yoast_head_json":{"title":"Un point sur la place des femmes dans l\u2019industrie cin\u00e9matographique - Court M\u00e9trange","robots":{"index":"index","follow":"follow","max-snippet":"max-snippet:-1","max-image-preview":"max-image-preview:large","max-video-preview":"max-video-preview:-1"},"canonical":"https:\/\/courtmetrange.eu\/en\/un-point-sur-la-place-des-femmes-dans-lindustrie-cinematographique\/","og_locale":"en_GB","og_type":"article","og_title":"Un point sur la place des femmes dans l\u2019industrie cin\u00e9matographique - Court M\u00e9trange","og_description":"\u00c0 l\u2019occasion de la Journ\u00e9e internationale des droits des femmes, le 8 mars 2024, Court M\u00e9trange a invit\u00e9 trois professionnelles \u00e0 se pencher sur l\u2019\u00e9galit\u00e9 des genres dans l\u2019actuelle industrie [&hellip;]","og_url":"https:\/\/courtmetrange.eu\/en\/un-point-sur-la-place-des-femmes-dans-lindustrie-cinematographique\/","og_site_name":"Court M\u00e9trange","article_publisher":"https:\/\/www.facebook.com\/CourtMetrange\/","article_published_time":"2024-04-24T14:56:09+00:00","article_modified_time":"2024-04-24T14:56:10+00:00","author":"Benoit","twitter_card":"summary_large_image","twitter_creator":"@courtmetrange","twitter_site":"@courtmetrange","twitter_misc":{"Written by":"Benoit"},"schema":{"@context":"https:\/\/schema.org","@graph":[{"@type":"Article","@id":"https:\/\/courtmetrange.eu\/un-point-sur-la-place-des-femmes-dans-lindustrie-cinematographique\/#article","isPartOf":{"@id":"https:\/\/courtmetrange.eu\/un-point-sur-la-place-des-femmes-dans-lindustrie-cinematographique\/"},"author":{"name":"Benoit","@id":"https:\/\/courtmetrange.eu\/en\/#\/schema\/person\/700b7df4194a42742af125c11221bc6c"},"headline":"Un point sur la place des femmes dans l\u2019industrie cin\u00e9matographique","datePublished":"2024-04-24T14:56:09+00:00","dateModified":"2024-04-24T14:56:10+00:00","mainEntityOfPage":{"@id":"https:\/\/courtmetrange.eu\/un-point-sur-la-place-des-femmes-dans-lindustrie-cinematographique\/"},"wordCount":572,"publisher":{"@id":"https:\/\/courtmetrange.eu\/en\/#organization"},"articleSection":["Uncategorized"],"inLanguage":"en-GB"},{"@type":"WebPage","@id":"https:\/\/courtmetrange.eu\/un-point-sur-la-place-des-femmes-dans-lindustrie-cinematographique\/","url":"https:\/\/courtmetrange.eu\/un-point-sur-la-place-des-femmes-dans-lindustrie-cinematographique\/","name":"Un point sur la place des femmes dans l\u2019industrie cin\u00e9matographique - Court M\u00e9trange","isPartOf":{"@id":"https:\/\/courtmetrange.eu\/en\/#website"},"datePublished":"2024-04-24T14:56:09+00:00","dateModified":"2024-04-24T14:56:10+00:00","breadcrumb":{"@id":"https:\/\/courtmetrange.eu\/un-point-sur-la-place-des-femmes-dans-lindustrie-cinematographique\/#breadcrumb"},"inLanguage":"en-GB","potentialAction":[{"@type":"ReadAction","target":["https:\/\/courtmetrange.eu\/un-point-sur-la-place-des-femmes-dans-lindustrie-cinematographique\/"]}]},{"@type":"BreadcrumbList","@id":"https:\/\/courtmetrange.eu\/un-point-sur-la-place-des-femmes-dans-lindustrie-cinematographique\/#breadcrumb","itemListElement":[{"@type":"ListItem","position":1,"name":"Accueil","item":"https:\/\/courtmetrange.eu\/"},{"@type":"ListItem","position":2,"name":"Un point sur la place des femmes dans l\u2019industrie cin\u00e9matographique"}]},{"@type":"WebSite","@id":"https:\/\/courtmetrange.eu\/en\/#website","url":"https:\/\/courtmetrange.eu\/en\/","name":"Court M\u00e9trange","description":"Festival International du court m\u00e9trage insolite et fantastique de Rennes","publisher":{"@id":"https:\/\/courtmetrange.eu\/en\/#organization"},"potentialAction":[{"@type":"SearchAction","target":{"@type":"EntryPoint","urlTemplate":"https:\/\/courtmetrange.eu\/en\/?s={search_term_string}"},"query-input":{"@type":"PropertyValueSpecification","valueRequired":true,"valueName":"search_term_string"}}],"inLanguage":"en-GB"},{"@type":"Organization","@id":"https:\/\/courtmetrange.eu\/en\/#organization","name":"Court M\u00e9trange","url":"https:\/\/courtmetrange.eu\/en\/","logo":{"@type":"ImageObject","inLanguage":"en-GB","@id":"https:\/\/courtmetrange.eu\/en\/#\/schema\/logo\/image\/","url":"https:\/\/courtmetrange.eu\/wp-content\/uploads\/2020\/11\/Logo_CourtMetrange.svg","contentUrl":"https:\/\/courtmetrange.eu\/wp-content\/uploads\/2020\/11\/Logo_CourtMetrange.svg","width":251,"height":127,"caption":"Court M\u00e9trange"},"image":{"@id":"https:\/\/courtmetrange.eu\/en\/#\/schema\/logo\/image\/"},"sameAs":["https:\/\/www.facebook.com\/CourtMetrange\/","https:\/\/x.com\/courtmetrange","https:\/\/www.instagram.com\/courtmetrange.rennes\/","https:\/\/www.youtube.com\/channel\/UCbS9jcW3uiDQeGgZAT29Emw\/videos"]},{"@type":"Person","@id":"https:\/\/courtmetrange.eu\/en\/#\/schema\/person\/700b7df4194a42742af125c11221bc6c","name":"Benoit","image":{"@type":"ImageObject","inLanguage":"en-GB","@id":"https:\/\/courtmetrange.eu\/en\/#\/schema\/person\/image\/","url":"https:\/\/secure.gravatar.com\/avatar\/50e5797af846cea3d11c08f753c368dc?s=96&d=mm&r=g","contentUrl":"https:\/\/secure.gravatar.com\/avatar\/50e5797af846cea3d11c08f753c368dc?s=96&d=mm&r=g","caption":"Benoit"},"url":"https:\/\/courtmetrange.eu\/en\/author\/benoitcourtmetrange-eu\/"}]}},"_links":{"self":[{"href":"https:\/\/courtmetrange.eu\/en\/wp-json\/wp\/v2\/posts\/11735","targetHints":{"allow":["GET"]}}],"collection":[{"href":"https:\/\/courtmetrange.eu\/en\/wp-json\/wp\/v2\/posts"}],"about":[{"href":"https:\/\/courtmetrange.eu\/en\/wp-json\/wp\/v2\/types\/post"}],"author":[{"embeddable":true,"href":"https:\/\/courtmetrange.eu\/en\/wp-json\/wp\/v2\/users\/8"}],"replies":[{"embeddable":true,"href":"https:\/\/courtmetrange.eu\/en\/wp-json\/wp\/v2\/comments?post=11735"}],"version-history":[{"count":2,"href":"https:\/\/courtmetrange.eu\/en\/wp-json\/wp\/v2\/posts\/11735\/revisions"}],"predecessor-version":[{"id":11739,"href":"https:\/\/courtmetrange.eu\/en\/wp-json\/wp\/v2\/posts\/11735\/revisions\/11739"}],"wp:attachment":[{"href":"https:\/\/courtmetrange.eu\/en\/wp-json\/wp\/v2\/media?parent=11735"}],"wp:term":[{"taxonomy":"category","embeddable":true,"href":"https:\/\/courtmetrange.eu\/en\/wp-json\/wp\/v2\/categories?post=11735"},{"taxonomy":"post_tag","embeddable":true,"href":"https:\/\/courtmetrange.eu\/en\/wp-json\/wp\/v2\/tags?post=11735"}],"curies":[{"name":"wp","href":"https:\/\/api.w.org\/{rel}","templated":true}]}}