{"id":13699,"date":"2025-06-23T18:56:45","date_gmt":"2025-06-23T16:56:45","guid":{"rendered":"https:\/\/courtmetrange.eu\/?p=13699"},"modified":"2025-07-02T12:41:21","modified_gmt":"2025-07-02T10:41:21","slug":"presentation-parcours-jeune-public","status":"publish","type":"post","link":"https:\/\/courtmetrange.eu\/en\/presentation-parcours-jeune-public\/","title":{"rendered":"PR\u00c9SENTATION PARCOURS JEUNE PUBLIC"},"content":{"rendered":"<p>[et_pb_section fb_built=\u00a0\u00bb1&Prime; _builder_version=\u00a0\u00bb4.27.4&Prime; _module_preset=\u00a0\u00bbdefault\u00a0\u00bb background_color=\u00a0\u00bb#FFFFFF\u00a0\u00bb custom_padding=\u00a0\u00bb1px||0px|||\u00a0\u00bb global_colors_info=\u00a0\u00bb{}\u00a0\u00bb theme_builder_area=\u00a0\u00bbpost_content\u00a0\u00bb][et_pb_row _builder_version=\u00a0\u00bb4.27.4&Prime; _module_preset=\u00a0\u00bbdefault\u00a0\u00bb background_color=\u00a0\u00bbRGBA(255,255,255,0)\u00a0\u00bb custom_padding=\u00a0\u00bb2px|30px|4px|30px|false|false\u00a0\u00bb global_colors_info=\u00a0\u00bb{}\u00a0\u00bb theme_builder_area=\u00a0\u00bbpost_content\u00a0\u00bb][et_pb_column type=\u00a0\u00bb4_4&Prime; _builder_version=\u00a0\u00bb4.27.4&Prime; _module_preset=\u00a0\u00bbdefault\u00a0\u00bb global_colors_info=\u00a0\u00bb{}\u00a0\u00bb theme_builder_area=\u00a0\u00bbpost_content\u00a0\u00bb][et_pb_text _builder_version=\u00a0\u00bb4.27.4&Prime; _module_preset=\u00a0\u00bbdefault\u00a0\u00bb text_font=\u00a0\u00bb|||||on|||\u00a0\u00bb text_text_color=\u00a0\u00bb#000000&Prime; header_2_text_color=\u00a0\u00bb#cc3939&Prime; custom_margin=\u00a0\u00bb||11px|||\u00a0\u00bb custom_padding=\u00a0\u00bb27px||0px|||\u00a0\u00bb global_colors_info=\u00a0\u00bb{}\u00a0\u00bb theme_builder_area=\u00a0\u00bbpost_content\u00a0\u00bb]<\/p>\n<h2><strong>LE PARCOURS JEUNE PUBLIC<\/strong><\/h2>\n<p>[\/et_pb_text][et_pb_divider color=\u00a0\u00bb#cc3939&Prime; divider_weight=\u00a0\u00bb4px\u00a0\u00bb _builder_version=\u00a0\u00bb4.27.4&Prime; _module_preset=\u00a0\u00bbdefault\u00a0\u00bb background_color=\u00a0\u00bbRGBA(255,255,255,0)\u00a0\u00bb global_colors_info=\u00a0\u00bb{}\u00a0\u00bb theme_builder_area=\u00a0\u00bbpost_content\u00a0\u00bb][\/et_pb_divider][\/et_pb_column][\/et_pb_row][et_pb_row column_structure=\u00a0\u00bb3_5,2_5&Prime; _builder_version=\u00a0\u00bb4.27.4&Prime; _module_preset=\u00a0\u00bbdefault\u00a0\u00bb background_color=\u00a0\u00bbRGBA(255,255,255,0)\u00a0\u00bb custom_padding=\u00a0\u00bb0px|30px|0px|30px|false|false\u00a0\u00bb global_colors_info=\u00a0\u00bb{}\u00a0\u00bb theme_builder_area=\u00a0\u00bbpost_content\u00a0\u00bb][et_pb_column type=\u00a0\u00bb3_5&Prime; _builder_version=\u00a0\u00bb4.27.4&Prime; _module_preset=\u00a0\u00bbdefault\u00a0\u00bb global_colors_info=\u00a0\u00bb{}\u00a0\u00bb theme_builder_area=\u00a0\u00bbpost_content\u00a0\u00bb][et_pb_text _builder_version=\u00a0\u00bb4.27.4&Prime; _module_preset=\u00a0\u00bbdefault\u00a0\u00bb custom_padding=\u00a0\u00bb||0px|||\u00a0\u00bb global_colors_info=\u00a0\u00bb{}\u00a0\u00bb theme_builder_area=\u00a0\u00bbpost_content\u00a0\u00bb]<\/p>\n<h3 data-start=\"131\" data-end=\"214\" class=\"\"><span style=\"font-size: 17.5px;\">Le Parcours Jeune Public est une mise en symbiose de la programmation artistique et culturelle du Festival Court M\u00e9trange et des disciplines scolaires. Il traverse les fronti\u00e8res entre les arts, les sciences et la litt\u00e9rature. C\u2019est un parcours \u00e9ducatif et culturel in\u00e9dit construit pour les enseignant\u00b7es et surtout pour les jeunes, il est con\u00e7u pour \u00eatre un outil proposant des pistes ludiques et p\u00e9dagogiques en lien avec les programmes scolaires. Voici ce qu\u2019il propose :\u00a0<\/span><\/h3>\n<ul>\n<li style=\"font-weight: 400;\" aria-level=\"1\"><span style=\"font-weight: 400;\">Des programmes de courts m\u00e9trages adapt\u00e9s \u00e0 toutes tranches d&rsquo;\u00e2ge, de 3 ans \u00e0 15 ans, o\u00f9 les jeunes spectateur.ices sont invit\u00e9.es \u00e0 voter leur film pr\u00e9f\u00e9r\u00e9 pour chaque programme de courts m\u00e9trages pour les prix du jeune public.\u00a0<\/span><\/li>\n<\/ul>\n<ul>\n<li style=\"font-weight: 400;\" aria-level=\"1\"><span style=\"font-weight: 400;\">Des ateliers originaux destin\u00e9s \u00e0 faire d\u00e9couvrir les coulisses de la cr\u00e9ation cin\u00e9matographique.\u00a0<\/span><\/li>\n<\/ul>\n<ul>\n<li style=\"font-weight: 400;\" aria-level=\"1\"><span style=\"font-weight: 400;\">Des temps de rencontres organis\u00e9s avec des cin\u00e9astes, qui viennent faire part de leur parcours et de leurs exp\u00e9riences. Ces professionnel\u00b7les du cin\u00e9ma pr\u00e9sentent leur processus de cr\u00e9ation autour de courts m\u00e9trages, et ouvrent des pistes de r\u00e9flexion gr\u00e2ce \u00e0 un temps d\u2019\u00e9changes et de discussions.<\/span><\/li>\n<\/ul>\n<ul>\n<li style=\"font-weight: 400;\" aria-level=\"1\"><span style=\"font-weight: 400;\">Des animations scientifiques qui font \u00e9cho aux th\u00e9matiques abord\u00e9es dans les films<\/span><\/li>\n<\/ul>\n<p><span style=\"font-weight: 400;\">Ce parcours est une porte d\u2019entr\u00e9e vers le cin\u00e9ma de genre o\u00f9 l\u2019on frissonne, s\u2019interroge et explore le pouvoir de l\u2019imaginaire, quel que soit son \u00e2ge.<\/span><\/p>\n<h3 data-start=\"131\" data-end=\"214\" class=\"\"><\/h3>\n<p>[\/et_pb_text][\/et_pb_column][et_pb_column type=\u00a0\u00bb2_5&Prime; _builder_version=\u00a0\u00bb4.27.4&Prime; _module_preset=\u00a0\u00bbdefault\u00a0\u00bb global_colors_info=\u00a0\u00bb{}\u00a0\u00bb theme_builder_area=\u00a0\u00bbpost_content\u00a0\u00bb][et_pb_code _builder_version=\u00a0\u00bb4.27.4&Prime; _module_preset=\u00a0\u00bbdefault\u00a0\u00bb global_colors_info=\u00a0\u00bb{}\u00a0\u00bb theme_builder_area=\u00a0\u00bbpost_content\u00a0\u00bb][\/et_pb_code][et_pb_image src=\u00a0\u00bbhttps:\/\/courtmetrange.eu\/wp-content\/uploads\/2025\/06\/IMG_0068-1-scaled.jpg\u00a0\u00bb title_text=\u00a0\u00bbIMG_0068&Prime; _builder_version=\u00a0\u00bb4.27.4&Prime; _module_preset=\u00a0\u00bbdefault\u00a0\u00bb custom_margin=\u00a0\u00bb1px|||||\u00a0\u00bb hover_enabled=\u00a0\u00bb0&Prime; global_colors_info=\u00a0\u00bb{}\u00a0\u00bb theme_builder_area=\u00a0\u00bbpost_content\u00a0\u00bb url=\u00a0\u00bb@ET-DC@eyJkeW5hbWljIjp0cnVlLCJjb250ZW50IjoicG9zdF9saW5rX3VybF9hdHRhY2htZW50Iiwic2V0dGluZ3MiOnsicG9zdF9pZCI6IjEzNjc1In19@\u00a0\u00bb _dynamic_attributes=\u00a0\u00bburl\u00a0\u00bb sticky_enabled=\u00a0\u00bb0&Prime;][\/et_pb_image][et_pb_text _builder_version=\u00a0\u00bb4.27.4&Prime; _module_preset=\u00a0\u00bbdefault\u00a0\u00bb theme_builder_area=\u00a0\u00bbpost_content\u00a0\u00bb hover_enabled=\u00a0\u00bb0&Prime; sticky_enabled=\u00a0\u00bb0&Prime;]<\/p>\n<p style=\"text-align: center;\">TOUTE LA PROGRAMMATION \ud83d\udc46\u200b<\/p>\n<p>[\/et_pb_text][et_pb_button button_text=\u00a0\u00bbINSCRIPTIONS\u00a0\u00bb _builder_version=\u00a0\u00bb4.27.4&Prime; _module_preset=\u00a0\u00bbdefault\u00a0\u00bb theme_builder_area=\u00a0\u00bbpost_content\u00a0\u00bb button_url=\u00a0\u00bbhttps:\/\/forms.gle\/VzfFH8NSuWUAZbDPA\u00a0\u00bb hover_enabled=\u00a0\u00bb0&Prime; sticky_enabled=\u00a0\u00bb0&Prime; button_alignment=\u00a0\u00bbcenter\u00a0\u00bb custom_button=\u00a0\u00bbon\u00a0\u00bb button_text_color=\u00a0\u00bb#FFFFFF\u00a0\u00bb button_bg_color=\u00a0\u00bb#000000&Prime; button_bg_enable_color=\u00a0\u00bbon\u00a0\u00bb][\/et_pb_button][\/et_pb_column][\/et_pb_row][\/et_pb_section]<\/p>","protected":false},"excerpt":{"rendered":"<p>LE PARCOURS JEUNE PUBLICLe Parcours Jeune Public est une mise en symbiose de la programmation artistique et culturelle du Festival Court M\u00e9trange et des disciplines scolaires. Il traverse les fronti\u00e8res [&hellip;]<\/p>","protected":false},"author":8,"featured_media":0,"comment_status":"closed","ping_status":"open","sticky":false,"template":"","format":"standard","meta":{"_acf_changed":false,"_et_pb_use_builder":"on","_et_pb_old_content":"","_et_gb_content_width":"","footnotes":""},"categories":[117],"tags":[],"class_list":["post-13699","post","type-post","status-publish","format-standard","hentry","category-actu"],"acf":[],"yoast_head":"<!-- This site is optimized with the Yoast SEO plugin v24.5 - https:\/\/yoast.com\/wordpress\/plugins\/seo\/ -->\n<title>PR\u00c9SENTATION PARCOURS JEUNE PUBLIC - Court M\u00e9trange<\/title>\n<meta name=\"robots\" content=\"index, follow, max-snippet:-1, max-image-preview:large, max-video-preview:-1\" \/>\n<link rel=\"canonical\" href=\"https:\/\/courtmetrange.eu\/en\/presentation-parcours-jeune-public\/\" \/>\n<meta property=\"og:locale\" content=\"en_GB\" \/>\n<meta property=\"og:type\" content=\"article\" \/>\n<meta property=\"og:title\" content=\"PR\u00c9SENTATION PARCOURS JEUNE PUBLIC - Court M\u00e9trange\" \/>\n<meta property=\"og:description\" content=\"LE PARCOURS JEUNE PUBLICLe Parcours Jeune Public est une mise en symbiose de la programmation artistique et culturelle du Festival Court M\u00e9trange et des disciplines scolaires. Il traverse les fronti\u00e8res [&hellip;]\" \/>\n<meta property=\"og:url\" content=\"https:\/\/courtmetrange.eu\/en\/presentation-parcours-jeune-public\/\" \/>\n<meta property=\"og:site_name\" content=\"Court M\u00e9trange\" \/>\n<meta property=\"article:publisher\" content=\"https:\/\/www.facebook.com\/CourtMetrange\/\" \/>\n<meta property=\"article:published_time\" content=\"2025-06-23T16:56:45+00:00\" \/>\n<meta property=\"article:modified_time\" content=\"2025-07-02T10:41:21+00:00\" \/>\n<meta name=\"author\" content=\"Benoit\" \/>\n<meta name=\"twitter:card\" content=\"summary_large_image\" \/>\n<meta name=\"twitter:creator\" content=\"@courtmetrange\" \/>\n<meta name=\"twitter:site\" content=\"@courtmetrange\" \/>\n<meta name=\"twitter:label1\" content=\"Written by\" \/>\n\t<meta name=\"twitter:data1\" content=\"Benoit\" \/>\n<script type=\"application\/ld+json\" class=\"yoast-schema-graph\">{\"@context\":\"https:\/\/schema.org\",\"@graph\":[{\"@type\":\"Article\",\"@id\":\"https:\/\/courtmetrange.eu\/presentation-parcours-jeune-public\/#article\",\"isPartOf\":{\"@id\":\"https:\/\/courtmetrange.eu\/presentation-parcours-jeune-public\/\"},\"author\":{\"name\":\"Benoit\",\"@id\":\"https:\/\/courtmetrange.eu\/en\/#\/schema\/person\/700b7df4194a42742af125c11221bc6c\"},\"headline\":\"PR\u00c9SENTATION PARCOURS JEUNE PUBLIC\",\"datePublished\":\"2025-06-23T16:56:45+00:00\",\"dateModified\":\"2025-07-02T10:41:21+00:00\",\"mainEntityOfPage\":{\"@id\":\"https:\/\/courtmetrange.eu\/presentation-parcours-jeune-public\/\"},\"wordCount\":640,\"publisher\":{\"@id\":\"https:\/\/courtmetrange.eu\/en\/#organization\"},\"articleSection\":[\"ACTU\"],\"inLanguage\":\"en-GB\"},{\"@type\":\"WebPage\",\"@id\":\"https:\/\/courtmetrange.eu\/presentation-parcours-jeune-public\/\",\"url\":\"https:\/\/courtmetrange.eu\/presentation-parcours-jeune-public\/\",\"name\":\"PR\u00c9SENTATION PARCOURS JEUNE PUBLIC - Court M\u00e9trange\",\"isPartOf\":{\"@id\":\"https:\/\/courtmetrange.eu\/en\/#website\"},\"datePublished\":\"2025-06-23T16:56:45+00:00\",\"dateModified\":\"2025-07-02T10:41:21+00:00\",\"breadcrumb\":{\"@id\":\"https:\/\/courtmetrange.eu\/presentation-parcours-jeune-public\/#breadcrumb\"},\"inLanguage\":\"en-GB\",\"potentialAction\":[{\"@type\":\"ReadAction\",\"target\":[\"https:\/\/courtmetrange.eu\/presentation-parcours-jeune-public\/\"]}]},{\"@type\":\"BreadcrumbList\",\"@id\":\"https:\/\/courtmetrange.eu\/presentation-parcours-jeune-public\/#breadcrumb\",\"itemListElement\":[{\"@type\":\"ListItem\",\"position\":1,\"name\":\"Accueil\",\"item\":\"https:\/\/courtmetrange.eu\/\"},{\"@type\":\"ListItem\",\"position\":2,\"name\":\"PR\u00c9SENTATION PARCOURS JEUNE PUBLIC\"}]},{\"@type\":\"WebSite\",\"@id\":\"https:\/\/courtmetrange.eu\/en\/#website\",\"url\":\"https:\/\/courtmetrange.eu\/en\/\",\"name\":\"Court M\u00e9trange\",\"description\":\"Festival International du court m\u00e9trage insolite et fantastique de Rennes\",\"publisher\":{\"@id\":\"https:\/\/courtmetrange.eu\/en\/#organization\"},\"potentialAction\":[{\"@type\":\"SearchAction\",\"target\":{\"@type\":\"EntryPoint\",\"urlTemplate\":\"https:\/\/courtmetrange.eu\/en\/?s={search_term_string}\"},\"query-input\":{\"@type\":\"PropertyValueSpecification\",\"valueRequired\":true,\"valueName\":\"search_term_string\"}}],\"inLanguage\":\"en-GB\"},{\"@type\":\"Organization\",\"@id\":\"https:\/\/courtmetrange.eu\/en\/#organization\",\"name\":\"Court M\u00e9trange\",\"url\":\"https:\/\/courtmetrange.eu\/en\/\",\"logo\":{\"@type\":\"ImageObject\",\"inLanguage\":\"en-GB\",\"@id\":\"https:\/\/courtmetrange.eu\/en\/#\/schema\/logo\/image\/\",\"url\":\"https:\/\/courtmetrange.eu\/wp-content\/uploads\/2020\/11\/Logo_CourtMetrange.svg\",\"contentUrl\":\"https:\/\/courtmetrange.eu\/wp-content\/uploads\/2020\/11\/Logo_CourtMetrange.svg\",\"width\":251,\"height\":127,\"caption\":\"Court M\u00e9trange\"},\"image\":{\"@id\":\"https:\/\/courtmetrange.eu\/en\/#\/schema\/logo\/image\/\"},\"sameAs\":[\"https:\/\/www.facebook.com\/CourtMetrange\/\",\"https:\/\/x.com\/courtmetrange\",\"https:\/\/www.instagram.com\/courtmetrange.rennes\/\",\"https:\/\/www.youtube.com\/channel\/UCbS9jcW3uiDQeGgZAT29Emw\/videos\"]},{\"@type\":\"Person\",\"@id\":\"https:\/\/courtmetrange.eu\/en\/#\/schema\/person\/700b7df4194a42742af125c11221bc6c\",\"name\":\"Benoit\",\"image\":{\"@type\":\"ImageObject\",\"inLanguage\":\"en-GB\",\"@id\":\"https:\/\/courtmetrange.eu\/en\/#\/schema\/person\/image\/\",\"url\":\"https:\/\/secure.gravatar.com\/avatar\/50e5797af846cea3d11c08f753c368dc?s=96&d=mm&r=g\",\"contentUrl\":\"https:\/\/secure.gravatar.com\/avatar\/50e5797af846cea3d11c08f753c368dc?s=96&d=mm&r=g\",\"caption\":\"Benoit\"},\"url\":\"https:\/\/courtmetrange.eu\/en\/author\/benoitcourtmetrange-eu\/\"}]}<\/script>\n<!-- \/ Yoast SEO plugin. -->","yoast_head_json":{"title":"PR\u00c9SENTATION PARCOURS JEUNE PUBLIC - Court M\u00e9trange","robots":{"index":"index","follow":"follow","max-snippet":"max-snippet:-1","max-image-preview":"max-image-preview:large","max-video-preview":"max-video-preview:-1"},"canonical":"https:\/\/courtmetrange.eu\/en\/presentation-parcours-jeune-public\/","og_locale":"en_GB","og_type":"article","og_title":"PR\u00c9SENTATION PARCOURS JEUNE PUBLIC - Court M\u00e9trange","og_description":"LE PARCOURS JEUNE PUBLICLe Parcours Jeune Public est une mise en symbiose de la programmation artistique et culturelle du Festival Court M\u00e9trange et des disciplines scolaires. Il traverse les fronti\u00e8res [&hellip;]","og_url":"https:\/\/courtmetrange.eu\/en\/presentation-parcours-jeune-public\/","og_site_name":"Court M\u00e9trange","article_publisher":"https:\/\/www.facebook.com\/CourtMetrange\/","article_published_time":"2025-06-23T16:56:45+00:00","article_modified_time":"2025-07-02T10:41:21+00:00","author":"Benoit","twitter_card":"summary_large_image","twitter_creator":"@courtmetrange","twitter_site":"@courtmetrange","twitter_misc":{"Written by":"Benoit"},"schema":{"@context":"https:\/\/schema.org","@graph":[{"@type":"Article","@id":"https:\/\/courtmetrange.eu\/presentation-parcours-jeune-public\/#article","isPartOf":{"@id":"https:\/\/courtmetrange.eu\/presentation-parcours-jeune-public\/"},"author":{"name":"Benoit","@id":"https:\/\/courtmetrange.eu\/en\/#\/schema\/person\/700b7df4194a42742af125c11221bc6c"},"headline":"PR\u00c9SENTATION PARCOURS JEUNE PUBLIC","datePublished":"2025-06-23T16:56:45+00:00","dateModified":"2025-07-02T10:41:21+00:00","mainEntityOfPage":{"@id":"https:\/\/courtmetrange.eu\/presentation-parcours-jeune-public\/"},"wordCount":640,"publisher":{"@id":"https:\/\/courtmetrange.eu\/en\/#organization"},"articleSection":["ACTU"],"inLanguage":"en-GB"},{"@type":"WebPage","@id":"https:\/\/courtmetrange.eu\/presentation-parcours-jeune-public\/","url":"https:\/\/courtmetrange.eu\/presentation-parcours-jeune-public\/","name":"PR\u00c9SENTATION PARCOURS JEUNE PUBLIC - Court M\u00e9trange","isPartOf":{"@id":"https:\/\/courtmetrange.eu\/en\/#website"},"datePublished":"2025-06-23T16:56:45+00:00","dateModified":"2025-07-02T10:41:21+00:00","breadcrumb":{"@id":"https:\/\/courtmetrange.eu\/presentation-parcours-jeune-public\/#breadcrumb"},"inLanguage":"en-GB","potentialAction":[{"@type":"ReadAction","target":["https:\/\/courtmetrange.eu\/presentation-parcours-jeune-public\/"]}]},{"@type":"BreadcrumbList","@id":"https:\/\/courtmetrange.eu\/presentation-parcours-jeune-public\/#breadcrumb","itemListElement":[{"@type":"ListItem","position":1,"name":"Accueil","item":"https:\/\/courtmetrange.eu\/"},{"@type":"ListItem","position":2,"name":"PR\u00c9SENTATION PARCOURS JEUNE PUBLIC"}]},{"@type":"WebSite","@id":"https:\/\/courtmetrange.eu\/en\/#website","url":"https:\/\/courtmetrange.eu\/en\/","name":"Court M\u00e9trange","description":"Festival International du court m\u00e9trage insolite et fantastique de Rennes","publisher":{"@id":"https:\/\/courtmetrange.eu\/en\/#organization"},"potentialAction":[{"@type":"SearchAction","target":{"@type":"EntryPoint","urlTemplate":"https:\/\/courtmetrange.eu\/en\/?s={search_term_string}"},"query-input":{"@type":"PropertyValueSpecification","valueRequired":true,"valueName":"search_term_string"}}],"inLanguage":"en-GB"},{"@type":"Organization","@id":"https:\/\/courtmetrange.eu\/en\/#organization","name":"Court M\u00e9trange","url":"https:\/\/courtmetrange.eu\/en\/","logo":{"@type":"ImageObject","inLanguage":"en-GB","@id":"https:\/\/courtmetrange.eu\/en\/#\/schema\/logo\/image\/","url":"https:\/\/courtmetrange.eu\/wp-content\/uploads\/2020\/11\/Logo_CourtMetrange.svg","contentUrl":"https:\/\/courtmetrange.eu\/wp-content\/uploads\/2020\/11\/Logo_CourtMetrange.svg","width":251,"height":127,"caption":"Court M\u00e9trange"},"image":{"@id":"https:\/\/courtmetrange.eu\/en\/#\/schema\/logo\/image\/"},"sameAs":["https:\/\/www.facebook.com\/CourtMetrange\/","https:\/\/x.com\/courtmetrange","https:\/\/www.instagram.com\/courtmetrange.rennes\/","https:\/\/www.youtube.com\/channel\/UCbS9jcW3uiDQeGgZAT29Emw\/videos"]},{"@type":"Person","@id":"https:\/\/courtmetrange.eu\/en\/#\/schema\/person\/700b7df4194a42742af125c11221bc6c","name":"Benoit","image":{"@type":"ImageObject","inLanguage":"en-GB","@id":"https:\/\/courtmetrange.eu\/en\/#\/schema\/person\/image\/","url":"https:\/\/secure.gravatar.com\/avatar\/50e5797af846cea3d11c08f753c368dc?s=96&d=mm&r=g","contentUrl":"https:\/\/secure.gravatar.com\/avatar\/50e5797af846cea3d11c08f753c368dc?s=96&d=mm&r=g","caption":"Benoit"},"url":"https:\/\/courtmetrange.eu\/en\/author\/benoitcourtmetrange-eu\/"}]}},"_links":{"self":[{"href":"https:\/\/courtmetrange.eu\/en\/wp-json\/wp\/v2\/posts\/13699","targetHints":{"allow":["GET"]}}],"collection":[{"href":"https:\/\/courtmetrange.eu\/en\/wp-json\/wp\/v2\/posts"}],"about":[{"href":"https:\/\/courtmetrange.eu\/en\/wp-json\/wp\/v2\/types\/post"}],"author":[{"embeddable":true,"href":"https:\/\/courtmetrange.eu\/en\/wp-json\/wp\/v2\/users\/8"}],"replies":[{"embeddable":true,"href":"https:\/\/courtmetrange.eu\/en\/wp-json\/wp\/v2\/comments?post=13699"}],"version-history":[{"count":3,"href":"https:\/\/courtmetrange.eu\/en\/wp-json\/wp\/v2\/posts\/13699\/revisions"}],"predecessor-version":[{"id":13788,"href":"https:\/\/courtmetrange.eu\/en\/wp-json\/wp\/v2\/posts\/13699\/revisions\/13788"}],"wp:attachment":[{"href":"https:\/\/courtmetrange.eu\/en\/wp-json\/wp\/v2\/media?parent=13699"}],"wp:term":[{"taxonomy":"category","embeddable":true,"href":"https:\/\/courtmetrange.eu\/en\/wp-json\/wp\/v2\/categories?post=13699"},{"taxonomy":"post_tag","embeddable":true,"href":"https:\/\/courtmetrange.eu\/en\/wp-json\/wp\/v2\/tags?post=13699"}],"curies":[{"name":"wp","href":"https:\/\/api.w.org\/{rel}","templated":true}]}}