{"id":9566,"date":"2023-06-20T14:13:39","date_gmt":"2023-06-20T13:13:39","guid":{"rendered":"https:\/\/courtmetrange.eu\/?p=9566"},"modified":"2023-06-20T14:13:40","modified_gmt":"2023-06-20T13:13:40","slug":"operation-un-real-sous-mon-toit","status":"publish","type":"post","link":"https:\/\/courtmetrange.eu\/en\/operation-un-real-sous-mon-toit\/","title":{"rendered":"Op\u00e9ration un r\u00e9al sous mon toit"},"content":{"rendered":"<p>[et_pb_section fb_built=\u00a0\u00bb1&Prime; _builder_version=\u00a0\u00bb4.17.4&Prime; _module_preset=\u00a0\u00bbdefault\u00a0\u00bb background_color=\u00a0\u00bbRGBA(255,255,255,0)\u00a0\u00bb global_colors_info=\u00a0\u00bb{}\u00a0\u00bb theme_builder_area=\u00a0\u00bbpost_content\u00a0\u00bb][et_pb_row _builder_version=\u00a0\u00bb4.17.4&Prime; _module_preset=\u00a0\u00bbdefault\u00a0\u00bb global_colors_info=\u00a0\u00bb{}\u00a0\u00bb theme_builder_area=\u00a0\u00bbpost_content\u00a0\u00bb][et_pb_column type=\u00a0\u00bb4_4&Prime; _builder_version=\u00a0\u00bb4.17.4&Prime; _module_preset=\u00a0\u00bbdefault\u00a0\u00bb global_colors_info=\u00a0\u00bb{}\u00a0\u00bb theme_builder_area=\u00a0\u00bbpost_content\u00a0\u00bb][et_pb_text _builder_version=\u00a0\u00bb4.21.0&Prime; _module_preset=\u00a0\u00bbdefault\u00a0\u00bb hover_enabled=\u00a0\u00bb0&Prime; global_colors_info=\u00a0\u00bb{}\u00a0\u00bb theme_builder_area=\u00a0\u00bbpost_content\u00a0\u00bb sticky_enabled=\u00a0\u00bb0&Prime;]<\/p>\n<p><span>Court M\u00e9trange a besoin de vous : aidez-nous \u00e0 loger des r\u00e9als, le temps du festival.<\/span><span><\/span><span><\/span><\/p>\n<p><span>Si vous habitez \u00e0 Rennes, que votre logement est situ\u00e9 \u00e0 proximit\u00e9 de l&rsquo;esplanade Charles de Gaulle ou d&rsquo;une ligne du r\u00e9seaux urbain et non-loin du lieu du Festival, vous nous int\u00e9ressez.<\/span><\/p>\n<p><span>Le logement : il doit pouvoir accueillir d\u00e9cemment un \u00eatre sensible et dou\u00e9, qui repr\u00e9sente le futur du cin\u00e9ma de genre et fantastique. Donc exit les caves humides et les chambres bond\u00e9es.<\/span><\/p>\n<p>Il s&rsquo;agirait d&rsquo;accueillir 1 personne sur le temps du Festival : du 25 septembre au 1er octobre. Une nuit ou plusieurs, selon vos moyens.<\/p>\n<p>Votre g\u00e9n\u00e9rosit\u00e9 sera reconnue et valoriser. Alors n&rsquo;h\u00e9sitez pas \u00e0 poser toutes les questions qui vous passent par la t\u00eate et nous y r\u00e9pondrons avec grand plaisir.<\/p>\n<p>&nbsp;<\/p>\n<p>Contact : courtmetrange@gmail.com<\/p>\n<p>A tr\u00e8s bient\u00f4t.<\/p>\n<p>&nbsp;<\/p>\n<p>[\/et_pb_text][\/et_pb_column][\/et_pb_row][\/et_pb_section]<\/p>","protected":false},"excerpt":{"rendered":"<p>Court M\u00e9trange a besoin de vous : aidez-nous \u00e0 loger des r\u00e9als, le temps du festival. Si vous habitez \u00e0 Rennes, que votre logement est situ\u00e9 \u00e0 proximit\u00e9 de l&rsquo;esplanade [&hellip;]<\/p>","protected":false},"author":1,"featured_media":0,"comment_status":"closed","ping_status":"open","sticky":false,"template":"","format":"standard","meta":{"_acf_changed":false,"_et_pb_use_builder":"on","_et_pb_old_content":"","_et_gb_content_width":"","footnotes":""},"categories":[1],"tags":[],"class_list":["post-9566","post","type-post","status-publish","format-standard","hentry","category-uncategorized"],"acf":[],"yoast_head":"<!-- This site is optimized with the Yoast SEO plugin v24.5 - https:\/\/yoast.com\/wordpress\/plugins\/seo\/ -->\n<title>Op\u00e9ration un r\u00e9al sous mon toit - Court M\u00e9trange<\/title>\n<meta name=\"robots\" content=\"index, follow, max-snippet:-1, max-image-preview:large, max-video-preview:-1\" \/>\n<link rel=\"canonical\" href=\"https:\/\/courtmetrange.eu\/en\/operation-un-real-sous-mon-toit\/\" \/>\n<meta property=\"og:locale\" content=\"en_GB\" \/>\n<meta property=\"og:type\" content=\"article\" \/>\n<meta property=\"og:title\" content=\"Op\u00e9ration un r\u00e9al sous mon toit - Court M\u00e9trange\" \/>\n<meta property=\"og:description\" content=\"Court M\u00e9trange a besoin de vous : aidez-nous \u00e0 loger des r\u00e9als, le temps du festival. Si vous habitez \u00e0 Rennes, que votre logement est situ\u00e9 \u00e0 proximit\u00e9 de l&#039;esplanade [&hellip;]\" \/>\n<meta property=\"og:url\" content=\"https:\/\/courtmetrange.eu\/en\/operation-un-real-sous-mon-toit\/\" \/>\n<meta property=\"og:site_name\" content=\"Court M\u00e9trange\" \/>\n<meta property=\"article:publisher\" content=\"https:\/\/www.facebook.com\/CourtMetrange\/\" \/>\n<meta property=\"article:published_time\" content=\"2023-06-20T13:13:39+00:00\" \/>\n<meta property=\"article:modified_time\" content=\"2023-06-20T13:13:40+00:00\" \/>\n<meta name=\"author\" content=\"San Jos\u00e9 Jonathan\" \/>\n<meta name=\"twitter:card\" content=\"summary_large_image\" \/>\n<meta name=\"twitter:creator\" content=\"@courtmetrange\" \/>\n<meta name=\"twitter:site\" content=\"@courtmetrange\" \/>\n<meta name=\"twitter:label1\" content=\"Written by\" \/>\n\t<meta name=\"twitter:data1\" content=\"San Jos\u00e9 Jonathan\" \/>\n\t<meta name=\"twitter:label2\" content=\"Estimated reading time\" \/>\n\t<meta name=\"twitter:data2\" content=\"1 minute\" \/>\n<script type=\"application\/ld+json\" class=\"yoast-schema-graph\">{\"@context\":\"https:\/\/schema.org\",\"@graph\":[{\"@type\":\"Article\",\"@id\":\"https:\/\/courtmetrange.eu\/operation-un-real-sous-mon-toit\/#article\",\"isPartOf\":{\"@id\":\"https:\/\/courtmetrange.eu\/operation-un-real-sous-mon-toit\/\"},\"author\":{\"name\":\"San Jos\u00e9 Jonathan\",\"@id\":\"https:\/\/courtmetrange.eu\/en\/#\/schema\/person\/573a22511f083276fbf1957ca6eda961\"},\"headline\":\"Op\u00e9ration un r\u00e9al sous mon toit\",\"datePublished\":\"2023-06-20T13:13:39+00:00\",\"dateModified\":\"2023-06-20T13:13:40+00:00\",\"mainEntityOfPage\":{\"@id\":\"https:\/\/courtmetrange.eu\/operation-un-real-sous-mon-toit\/\"},\"wordCount\":245,\"publisher\":{\"@id\":\"https:\/\/courtmetrange.eu\/en\/#organization\"},\"articleSection\":[\"Uncategorized\"],\"inLanguage\":\"en-GB\"},{\"@type\":\"WebPage\",\"@id\":\"https:\/\/courtmetrange.eu\/operation-un-real-sous-mon-toit\/\",\"url\":\"https:\/\/courtmetrange.eu\/operation-un-real-sous-mon-toit\/\",\"name\":\"Op\u00e9ration un r\u00e9al sous mon toit - Court M\u00e9trange\",\"isPartOf\":{\"@id\":\"https:\/\/courtmetrange.eu\/en\/#website\"},\"datePublished\":\"2023-06-20T13:13:39+00:00\",\"dateModified\":\"2023-06-20T13:13:40+00:00\",\"breadcrumb\":{\"@id\":\"https:\/\/courtmetrange.eu\/operation-un-real-sous-mon-toit\/#breadcrumb\"},\"inLanguage\":\"en-GB\",\"potentialAction\":[{\"@type\":\"ReadAction\",\"target\":[\"https:\/\/courtmetrange.eu\/operation-un-real-sous-mon-toit\/\"]}]},{\"@type\":\"BreadcrumbList\",\"@id\":\"https:\/\/courtmetrange.eu\/operation-un-real-sous-mon-toit\/#breadcrumb\",\"itemListElement\":[{\"@type\":\"ListItem\",\"position\":1,\"name\":\"Accueil\",\"item\":\"https:\/\/courtmetrange.eu\/\"},{\"@type\":\"ListItem\",\"position\":2,\"name\":\"Op\u00e9ration un r\u00e9al sous mon toit\"}]},{\"@type\":\"WebSite\",\"@id\":\"https:\/\/courtmetrange.eu\/en\/#website\",\"url\":\"https:\/\/courtmetrange.eu\/en\/\",\"name\":\"Court M\u00e9trange\",\"description\":\"Festival International du court m\u00e9trage insolite et fantastique de Rennes\",\"publisher\":{\"@id\":\"https:\/\/courtmetrange.eu\/en\/#organization\"},\"potentialAction\":[{\"@type\":\"SearchAction\",\"target\":{\"@type\":\"EntryPoint\",\"urlTemplate\":\"https:\/\/courtmetrange.eu\/en\/?s={search_term_string}\"},\"query-input\":{\"@type\":\"PropertyValueSpecification\",\"valueRequired\":true,\"valueName\":\"search_term_string\"}}],\"inLanguage\":\"en-GB\"},{\"@type\":\"Organization\",\"@id\":\"https:\/\/courtmetrange.eu\/en\/#organization\",\"name\":\"Court M\u00e9trange\",\"url\":\"https:\/\/courtmetrange.eu\/en\/\",\"logo\":{\"@type\":\"ImageObject\",\"inLanguage\":\"en-GB\",\"@id\":\"https:\/\/courtmetrange.eu\/en\/#\/schema\/logo\/image\/\",\"url\":\"https:\/\/courtmetrange.eu\/wp-content\/uploads\/2020\/11\/Logo_CourtMetrange.svg\",\"contentUrl\":\"https:\/\/courtmetrange.eu\/wp-content\/uploads\/2020\/11\/Logo_CourtMetrange.svg\",\"width\":251,\"height\":127,\"caption\":\"Court M\u00e9trange\"},\"image\":{\"@id\":\"https:\/\/courtmetrange.eu\/en\/#\/schema\/logo\/image\/\"},\"sameAs\":[\"https:\/\/www.facebook.com\/CourtMetrange\/\",\"https:\/\/x.com\/courtmetrange\",\"https:\/\/www.instagram.com\/courtmetrange.rennes\/\",\"https:\/\/www.youtube.com\/channel\/UCbS9jcW3uiDQeGgZAT29Emw\/videos\"]},{\"@type\":\"Person\",\"@id\":\"https:\/\/courtmetrange.eu\/en\/#\/schema\/person\/573a22511f083276fbf1957ca6eda961\",\"name\":\"San Jos\u00e9 Jonathan\",\"image\":{\"@type\":\"ImageObject\",\"inLanguage\":\"en-GB\",\"@id\":\"https:\/\/courtmetrange.eu\/en\/#\/schema\/person\/image\/\",\"url\":\"https:\/\/secure.gravatar.com\/avatar\/f7a32fb690597bc4f76e5fd89d50725f?s=96&d=mm&r=g\",\"contentUrl\":\"https:\/\/secure.gravatar.com\/avatar\/f7a32fb690597bc4f76e5fd89d50725f?s=96&d=mm&r=g\",\"caption\":\"San Jos\u00e9 Jonathan\"},\"sameAs\":[\"https:\/\/dev.jonathan-sanjose.fr\"],\"url\":\"https:\/\/courtmetrange.eu\/en\/author\/site-courtmetrangegmail-com\/\"}]}<\/script>\n<!-- \/ Yoast SEO plugin. -->","yoast_head_json":{"title":"Op\u00e9ration un r\u00e9al sous mon toit - Court M\u00e9trange","robots":{"index":"index","follow":"follow","max-snippet":"max-snippet:-1","max-image-preview":"max-image-preview:large","max-video-preview":"max-video-preview:-1"},"canonical":"https:\/\/courtmetrange.eu\/en\/operation-un-real-sous-mon-toit\/","og_locale":"en_GB","og_type":"article","og_title":"Op\u00e9ration un r\u00e9al sous mon toit - Court M\u00e9trange","og_description":"Court M\u00e9trange a besoin de vous : aidez-nous \u00e0 loger des r\u00e9als, le temps du festival. Si vous habitez \u00e0 Rennes, que votre logement est situ\u00e9 \u00e0 proximit\u00e9 de l'esplanade [&hellip;]","og_url":"https:\/\/courtmetrange.eu\/en\/operation-un-real-sous-mon-toit\/","og_site_name":"Court M\u00e9trange","article_publisher":"https:\/\/www.facebook.com\/CourtMetrange\/","article_published_time":"2023-06-20T13:13:39+00:00","article_modified_time":"2023-06-20T13:13:40+00:00","author":"San Jos\u00e9 Jonathan","twitter_card":"summary_large_image","twitter_creator":"@courtmetrange","twitter_site":"@courtmetrange","twitter_misc":{"Written by":"San Jos\u00e9 Jonathan","Estimated reading time":"1 minute"},"schema":{"@context":"https:\/\/schema.org","@graph":[{"@type":"Article","@id":"https:\/\/courtmetrange.eu\/operation-un-real-sous-mon-toit\/#article","isPartOf":{"@id":"https:\/\/courtmetrange.eu\/operation-un-real-sous-mon-toit\/"},"author":{"name":"San Jos\u00e9 Jonathan","@id":"https:\/\/courtmetrange.eu\/en\/#\/schema\/person\/573a22511f083276fbf1957ca6eda961"},"headline":"Op\u00e9ration un r\u00e9al sous mon toit","datePublished":"2023-06-20T13:13:39+00:00","dateModified":"2023-06-20T13:13:40+00:00","mainEntityOfPage":{"@id":"https:\/\/courtmetrange.eu\/operation-un-real-sous-mon-toit\/"},"wordCount":245,"publisher":{"@id":"https:\/\/courtmetrange.eu\/en\/#organization"},"articleSection":["Uncategorized"],"inLanguage":"en-GB"},{"@type":"WebPage","@id":"https:\/\/courtmetrange.eu\/operation-un-real-sous-mon-toit\/","url":"https:\/\/courtmetrange.eu\/operation-un-real-sous-mon-toit\/","name":"Op\u00e9ration un r\u00e9al sous mon toit - Court M\u00e9trange","isPartOf":{"@id":"https:\/\/courtmetrange.eu\/en\/#website"},"datePublished":"2023-06-20T13:13:39+00:00","dateModified":"2023-06-20T13:13:40+00:00","breadcrumb":{"@id":"https:\/\/courtmetrange.eu\/operation-un-real-sous-mon-toit\/#breadcrumb"},"inLanguage":"en-GB","potentialAction":[{"@type":"ReadAction","target":["https:\/\/courtmetrange.eu\/operation-un-real-sous-mon-toit\/"]}]},{"@type":"BreadcrumbList","@id":"https:\/\/courtmetrange.eu\/operation-un-real-sous-mon-toit\/#breadcrumb","itemListElement":[{"@type":"ListItem","position":1,"name":"Accueil","item":"https:\/\/courtmetrange.eu\/"},{"@type":"ListItem","position":2,"name":"Op\u00e9ration un r\u00e9al sous mon toit"}]},{"@type":"WebSite","@id":"https:\/\/courtmetrange.eu\/en\/#website","url":"https:\/\/courtmetrange.eu\/en\/","name":"Court M\u00e9trange","description":"Festival International du court m\u00e9trage insolite et fantastique de Rennes","publisher":{"@id":"https:\/\/courtmetrange.eu\/en\/#organization"},"potentialAction":[{"@type":"SearchAction","target":{"@type":"EntryPoint","urlTemplate":"https:\/\/courtmetrange.eu\/en\/?s={search_term_string}"},"query-input":{"@type":"PropertyValueSpecification","valueRequired":true,"valueName":"search_term_string"}}],"inLanguage":"en-GB"},{"@type":"Organization","@id":"https:\/\/courtmetrange.eu\/en\/#organization","name":"Court M\u00e9trange","url":"https:\/\/courtmetrange.eu\/en\/","logo":{"@type":"ImageObject","inLanguage":"en-GB","@id":"https:\/\/courtmetrange.eu\/en\/#\/schema\/logo\/image\/","url":"https:\/\/courtmetrange.eu\/wp-content\/uploads\/2020\/11\/Logo_CourtMetrange.svg","contentUrl":"https:\/\/courtmetrange.eu\/wp-content\/uploads\/2020\/11\/Logo_CourtMetrange.svg","width":251,"height":127,"caption":"Court M\u00e9trange"},"image":{"@id":"https:\/\/courtmetrange.eu\/en\/#\/schema\/logo\/image\/"},"sameAs":["https:\/\/www.facebook.com\/CourtMetrange\/","https:\/\/x.com\/courtmetrange","https:\/\/www.instagram.com\/courtmetrange.rennes\/","https:\/\/www.youtube.com\/channel\/UCbS9jcW3uiDQeGgZAT29Emw\/videos"]},{"@type":"Person","@id":"https:\/\/courtmetrange.eu\/en\/#\/schema\/person\/573a22511f083276fbf1957ca6eda961","name":"San Jos\u00e9 Jonathan","image":{"@type":"ImageObject","inLanguage":"en-GB","@id":"https:\/\/courtmetrange.eu\/en\/#\/schema\/person\/image\/","url":"https:\/\/secure.gravatar.com\/avatar\/f7a32fb690597bc4f76e5fd89d50725f?s=96&d=mm&r=g","contentUrl":"https:\/\/secure.gravatar.com\/avatar\/f7a32fb690597bc4f76e5fd89d50725f?s=96&d=mm&r=g","caption":"San Jos\u00e9 Jonathan"},"sameAs":["https:\/\/dev.jonathan-sanjose.fr"],"url":"https:\/\/courtmetrange.eu\/en\/author\/site-courtmetrangegmail-com\/"}]}},"_links":{"self":[{"href":"https:\/\/courtmetrange.eu\/en\/wp-json\/wp\/v2\/posts\/9566","targetHints":{"allow":["GET"]}}],"collection":[{"href":"https:\/\/courtmetrange.eu\/en\/wp-json\/wp\/v2\/posts"}],"about":[{"href":"https:\/\/courtmetrange.eu\/en\/wp-json\/wp\/v2\/types\/post"}],"author":[{"embeddable":true,"href":"https:\/\/courtmetrange.eu\/en\/wp-json\/wp\/v2\/users\/1"}],"replies":[{"embeddable":true,"href":"https:\/\/courtmetrange.eu\/en\/wp-json\/wp\/v2\/comments?post=9566"}],"version-history":[{"count":2,"href":"https:\/\/courtmetrange.eu\/en\/wp-json\/wp\/v2\/posts\/9566\/revisions"}],"predecessor-version":[{"id":9569,"href":"https:\/\/courtmetrange.eu\/en\/wp-json\/wp\/v2\/posts\/9566\/revisions\/9569"}],"wp:attachment":[{"href":"https:\/\/courtmetrange.eu\/en\/wp-json\/wp\/v2\/media?parent=9566"}],"wp:term":[{"taxonomy":"category","embeddable":true,"href":"https:\/\/courtmetrange.eu\/en\/wp-json\/wp\/v2\/categories?post=9566"},{"taxonomy":"post_tag","embeddable":true,"href":"https:\/\/courtmetrange.eu\/en\/wp-json\/wp\/v2\/tags?post=9566"}],"curies":[{"name":"wp","href":"https:\/\/api.w.org\/{rel}","templated":true}]}}